{"id":231569,"date":"2025-02-11T15:48:29","date_gmt":"2025-02-11T14:48:29","guid":{"rendered":"https:\/\/www.mediaspecs.be\/?p=231569"},"modified":"2025-02-12T17:02:08","modified_gmt":"2025-02-12T16:02:08","slug":"une-nouvelle-identite-visuelle-pour-radio-1","status":"publish","type":"post","link":"https:\/\/www.mediaspecs.be\/fr\/une-nouvelle-identite-visuelle-pour-radio-1\/","title":{"rendered":"Une nouvelle identit\u00e9 visuelle pour Radio 1"},"content":{"rendered":"<p><strong>Radio 1, la radio contenu de la VRT, continue de miser sur les plateformes digitales et l&rsquo;\u00e9volution du comportement des auditeur\u00b7rices en adoptant un nouveau logo et une nouvelle identit\u00e9 visuelle.<\/strong><\/p>\n<h3><strong>\u00c0 la demande et sur mesure<\/strong><\/h3>\n<p>Radio 1 propose son contenu en direct et de mani\u00e8re lin\u00e9aire via la FM et le DAB+, mais aussi de plus en plus \u00e0 la demande et sur mesure pour l&rsquo;auditeur\u00b7rice via les plateformes en ligne <strong>VRT MAX<\/strong>, <strong>VRT NWS<\/strong> et l&rsquo;<strong>application Radio 1<\/strong>. Radio 1 r\u00e9pond ainsi aux besoins de l&rsquo;auditeur\u00b7rice flamand\u00b7e.<\/p>\n<p>Par exemple, VRT MAX propose non seulement tous les podcasts de Radio 1, mais aussi une s\u00e9rie de fragments s\u00e9lectionn\u00e9s avec des opinions sans d\u00e9tour tir\u00e9es des diff\u00e9rents programmes de Radio 1.<\/p>\n<p>Les utilisateur\u00b7rices audio ont \u00e9galement bien compris comment trouver leur chemin vers cette offre num\u00e9rique de Radio 1. Avec pr\u00e8s de <em>800 000 fragmentstarts<\/em> via les touchpoints de la VRT et<em> 1,2 million podcaststarts<\/em> (sur une base mensuelle, fin 2024), la tendance \u00e0 la hausse est clairement \u00e9tablie en 2024.<\/p>\n<p>En ce qui concerne l&rsquo;<strong>\u00e9coute de la radio en ligne en direct<\/strong>, Radio 1 obtient \u00e9galement d&rsquo;excellents r\u00e9sultats en termes d\u2019audience. Sur VRT MAX et dans les applications radio, ainsi que sur d&rsquo;autres plateformes, Radio 1 est le plus grand r\u00e9seau VRT. En 2024, Radio 1 live, online a connu une croissance de <em>12%<\/em> par rapport \u00e0 2023.<\/p>\n<h3><strong>Un nouveau design pour soutenir la croissance digitale<\/strong><\/h3>\n<p>Radio 1 souhaite poursuivre cette croissance digitale avec beaucoup d&rsquo;ambition en 2025. Avec un nouveau logo et une nouvelle identit\u00e9 visuelle, Radio 1 s&rsquo;associe au r\u00e9cent renouvellement du design de la VRT et aux chartes graphiques des autres marques de la VRT. De cette mani\u00e8re, la station de radio de la VRT se rapproche un peu plus du reste du radiodiffuseur public.<\/p>\n<p>La palette de couleurs bleu-violet correspond aux teintes de VRT NWS et le \u00ab\u00a0<em>1<\/em> \u00bb stylis\u00e9 et puissant repr\u00e9sente la r\u00e9f\u00e9rence audio unique pour l&rsquo;actualit\u00e9, les opinions et le sport.<\/p>\n<p>Le nouveau design permet \u00e0 Radio 1 de continuer \u00e0 \u00e9voluer dans un monde digital. Le logo et l\u2019identit\u00e9 visuelle qui l&rsquo;accompagne sont enti\u00e8rement con\u00e7us pour toutes les plateformes digitales que nous utilisons aujourd&rsquo;hui et que nous utiliserons \u00e0 l&rsquo;avenir.<\/p>\n<p>Le nouveau logo de Radio 1 est le fruit d&rsquo;une collaboration entre la VRT, l&rsquo;agence internationale <strong>Saffron<\/strong> et l&rsquo;agence de branding <strong>Mirror Mirror<\/strong>. La nouvelle identit\u00e9 visuelle sera visible partout \u00e0 partir du <em>11 f\u00e9vrier<\/em>: sur VRT MAX, VRT NWS, sur DAB+, sur l&rsquo;application Radio 1 et sur les r\u00e9seaux sociaux, et aussi via une <strong>campagne d&rsquo;affichage<\/strong> \u00e0 <em>Anvers, Louvain <\/em>et<em> Bruxelles.<\/em><\/p>\n<img loading=\"lazy\" decoding=\"async\" width=\"2107\" height=\"1405\" class=\"alignnone size-full wp-image-231555\" src=\"https:\/\/www.mediaspecs.be\/wp-content\/uploads\/2025\/02\/DSCF2066.jpg\" alt=\"\" srcset=\"https:\/\/www.mediaspecs.be\/wp-content\/uploads\/2025\/02\/DSCF2066.jpg 2107w, https:\/\/www.mediaspecs.be\/wp-content\/uploads\/2025\/02\/DSCF2066-185x123.jpg 185w, https:\/\/www.mediaspecs.be\/wp-content\/uploads\/2025\/02\/DSCF2066-768x512.jpg 768w, https:\/\/www.mediaspecs.be\/wp-content\/uploads\/2025\/02\/DSCF2066-1536x1024.jpg 1536w, https:\/\/www.mediaspecs.be\/wp-content\/uploads\/2025\/02\/DSCF2066-2048x1366.jpg 2048w, https:\/\/www.mediaspecs.be\/wp-content\/uploads\/2025\/02\/DSCF2066-88x59.jpg 88w\" sizes=\"auto, (max-width: 2107px) 100vw, 2107px\" \/>\n<img loading=\"lazy\" decoding=\"async\" width=\"2560\" height=\"1707\" class=\"alignnone size-full wp-image-231558\" src=\"https:\/\/www.mediaspecs.be\/wp-content\/uploads\/2025\/02\/DSCF2004-scaled.jpg\" alt=\"\" srcset=\"https:\/\/www.mediaspecs.be\/wp-content\/uploads\/2025\/02\/DSCF2004-scaled.jpg 2560w, https:\/\/www.mediaspecs.be\/wp-content\/uploads\/2025\/02\/DSCF2004-185x123.jpg 185w, https:\/\/www.mediaspecs.be\/wp-content\/uploads\/2025\/02\/DSCF2004-768x512.jpg 768w, https:\/\/www.mediaspecs.be\/wp-content\/uploads\/2025\/02\/DSCF2004-1536x1024.jpg 1536w, https:\/\/www.mediaspecs.be\/wp-content\/uploads\/2025\/02\/DSCF2004-2048x1365.jpg 2048w, https:\/\/www.mediaspecs.be\/wp-content\/uploads\/2025\/02\/DSCF2004-88x59.jpg 88w\" sizes=\"auto, (max-width: 2560px) 100vw, 2560px\" \/>\n<img loading=\"lazy\" decoding=\"async\" width=\"2560\" height=\"1707\" class=\"alignnone size-full wp-image-231561\" src=\"https:\/\/www.mediaspecs.be\/wp-content\/uploads\/2025\/02\/DSCF2058-scaled.jpg\" alt=\"\" srcset=\"https:\/\/www.mediaspecs.be\/wp-content\/uploads\/2025\/02\/DSCF2058-scaled.jpg 2560w, https:\/\/www.mediaspecs.be\/wp-content\/uploads\/2025\/02\/DSCF2058-185x123.jpg 185w, https:\/\/www.mediaspecs.be\/wp-content\/uploads\/2025\/02\/DSCF2058-768x512.jpg 768w, https:\/\/www.mediaspecs.be\/wp-content\/uploads\/2025\/02\/DSCF2058-1536x1024.jpg 1536w, https:\/\/www.mediaspecs.be\/wp-content\/uploads\/2025\/02\/DSCF2058-2048x1365.jpg 2048w, https:\/\/www.mediaspecs.be\/wp-content\/uploads\/2025\/02\/DSCF2058-88x59.jpg 88w\" sizes=\"auto, (max-width: 2560px) 100vw, 2560px\" \/>\n","protected":false},"excerpt":{"rendered":"<p>Radio 1, la radio contenu de la VRT, mise sur les plateformes digitales et l&rsquo;\u00e9volution du comportement de l\u2019audience en adoptant un nouveau logo et une nouvelle identit\u00e9 visuelle.<\/p>\n","protected":false},"author":4,"featured_media":231566,"comment_status":"closed","ping_status":"closed","sticky":false,"template":"","format":"standard","meta":{"_acf_changed":false,"_monsterinsights_skip_tracking":false,"_monsterinsights_sitenote_active":false,"_monsterinsights_sitenote_note":"","_monsterinsights_sitenote_category":0,"footnotes":""},"categories":[25],"tags":[22266,8860,8504,22267,8265,18423,18089],"class_list":["post-231569","post","type-post","status-publish","format-standard","has-post-thumbnail","hentry","category-media-fr","tag-mirror-mirror-fr","tag-radio-fr","tag-radio-1-fr","tag-saffron-fr","tag-vrt-fr","tag-vrt-max-fr","tag-vrt-nws-fr"],"acf":[],"yoast_head":"<!-- This site is optimized with the Yoast SEO plugin v26.8 - https:\/\/yoast.com\/product\/yoast-seo-wordpress\/ -->\n<title>Une nouvelle identit\u00e9 visuelle pour Radio 1<\/title>\n<meta name=\"robots\" content=\"index, follow, max-snippet:-1, max-image-preview:large, max-video-preview:-1\" \/>\n<link rel=\"canonical\" href=\"https:\/\/www.mediaspecs.be\/fr\/une-nouvelle-identite-visuelle-pour-radio-1\/\" \/>\n<meta property=\"og:locale\" content=\"fr_FR\" \/>\n<meta property=\"og:type\" content=\"article\" \/>\n<meta property=\"og:title\" content=\"Une nouvelle identit\u00e9 visuelle pour Radio 1\" \/>\n<meta property=\"og:description\" content=\"Radio 1, la radio contenu de la VRT, mise sur les plateformes digitales et l&#039;\u00e9volution du comportement de l\u2019audience en adoptant un nouveau logo et une nouvelle identit\u00e9 visuelle.\" \/>\n<meta property=\"og:url\" content=\"https:\/\/www.mediaspecs.be\/fr\/une-nouvelle-identite-visuelle-pour-radio-1\/\" \/>\n<meta property=\"og:site_name\" content=\"MediaSpecs\" \/>\n<meta property=\"article:published_time\" content=\"2025-02-11T14:48:29+00:00\" \/>\n<meta property=\"article:modified_time\" content=\"2025-02-12T16:02:08+00:00\" \/>\n<meta property=\"og:image\" content=\"https:\/\/www.mediaspecs.be\/wp-content\/uploads\/2025\/02\/radio-een.logo25.png\" \/>\n\t<meta property=\"og:image:width\" content=\"313\" \/>\n\t<meta property=\"og:image:height\" content=\"313\" \/>\n\t<meta property=\"og:image:type\" content=\"image\/png\" \/>\n<meta name=\"author\" content=\"@Bart\" \/>\n<meta name=\"twitter:card\" content=\"summary_large_image\" \/>\n<meta name=\"twitter:label1\" content=\"\u00c9crit par\" \/>\n\t<meta name=\"twitter:data1\" content=\"@Bart\" \/>\n\t<meta name=\"twitter:label2\" content=\"Dur\u00e9e de lecture estim\u00e9e\" \/>\n\t<meta name=\"twitter:data2\" content=\"3 minutes\" \/>\n<script type=\"application\/ld+json\" class=\"yoast-schema-graph\">{\"@context\":\"https:\/\/schema.org\",\"@graph\":[{\"@type\":\"Article\",\"@id\":\"https:\/\/www.mediaspecs.be\/fr\/une-nouvelle-identite-visuelle-pour-radio-1\/#article\",\"isPartOf\":{\"@id\":\"https:\/\/www.mediaspecs.be\/fr\/une-nouvelle-identite-visuelle-pour-radio-1\/\"},\"author\":{\"name\":\"@Bart\",\"@id\":\"https:\/\/www.mediaspecs.be\/#\/schema\/person\/d83b92e96a208300c55cf83440c05017\"},\"headline\":\"Une nouvelle identit\u00e9 visuelle pour Radio 1\",\"datePublished\":\"2025-02-11T14:48:29+00:00\",\"dateModified\":\"2025-02-12T16:02:08+00:00\",\"mainEntityOfPage\":{\"@id\":\"https:\/\/www.mediaspecs.be\/fr\/une-nouvelle-identite-visuelle-pour-radio-1\/\"},\"wordCount\":449,\"image\":{\"@id\":\"https:\/\/www.mediaspecs.be\/fr\/une-nouvelle-identite-visuelle-pour-radio-1\/#primaryimage\"},\"thumbnailUrl\":\"https:\/\/www.mediaspecs.be\/wp-content\/uploads\/2025\/02\/radio-een.logo25.png\",\"keywords\":[\"Mirror Mirror\",\"radio\",\"Radio 1\",\"Saffron\",\"VRT\",\"VRT MAX\",\"VRT NWS\"],\"articleSection\":[\"Media - fr\"],\"inLanguage\":\"fr-FR\"},{\"@type\":\"WebPage\",\"@id\":\"https:\/\/www.mediaspecs.be\/fr\/une-nouvelle-identite-visuelle-pour-radio-1\/\",\"url\":\"https:\/\/www.mediaspecs.be\/fr\/une-nouvelle-identite-visuelle-pour-radio-1\/\",\"name\":\"Une nouvelle identit\u00e9 visuelle pour Radio 1\",\"isPartOf\":{\"@id\":\"https:\/\/www.mediaspecs.be\/#website\"},\"primaryImageOfPage\":{\"@id\":\"https:\/\/www.mediaspecs.be\/fr\/une-nouvelle-identite-visuelle-pour-radio-1\/#primaryimage\"},\"image\":{\"@id\":\"https:\/\/www.mediaspecs.be\/fr\/une-nouvelle-identite-visuelle-pour-radio-1\/#primaryimage\"},\"thumbnailUrl\":\"https:\/\/www.mediaspecs.be\/wp-content\/uploads\/2025\/02\/radio-een.logo25.png\",\"datePublished\":\"2025-02-11T14:48:29+00:00\",\"dateModified\":\"2025-02-12T16:02:08+00:00\",\"author\":{\"@id\":\"https:\/\/www.mediaspecs.be\/#\/schema\/person\/d83b92e96a208300c55cf83440c05017\"},\"breadcrumb\":{\"@id\":\"https:\/\/www.mediaspecs.be\/fr\/une-nouvelle-identite-visuelle-pour-radio-1\/#breadcrumb\"},\"inLanguage\":\"fr-FR\",\"potentialAction\":[{\"@type\":\"ReadAction\",\"target\":[\"https:\/\/www.mediaspecs.be\/fr\/une-nouvelle-identite-visuelle-pour-radio-1\/\"]}]},{\"@type\":\"ImageObject\",\"inLanguage\":\"fr-FR\",\"@id\":\"https:\/\/www.mediaspecs.be\/fr\/une-nouvelle-identite-visuelle-pour-radio-1\/#primaryimage\",\"url\":\"https:\/\/www.mediaspecs.be\/wp-content\/uploads\/2025\/02\/radio-een.logo25.png\",\"contentUrl\":\"https:\/\/www.mediaspecs.be\/wp-content\/uploads\/2025\/02\/radio-een.logo25.png\",\"width\":313,\"height\":313},{\"@type\":\"BreadcrumbList\",\"@id\":\"https:\/\/www.mediaspecs.be\/fr\/une-nouvelle-identite-visuelle-pour-radio-1\/#breadcrumb\",\"itemListElement\":[{\"@type\":\"ListItem\",\"position\":1,\"name\":\"Home\",\"item\":\"https:\/\/www.mediaspecs.be\/fr\/\"},{\"@type\":\"ListItem\",\"position\":2,\"name\":\"Une nouvelle identit\u00e9 visuelle pour Radio 1\"}]},{\"@type\":\"WebSite\",\"@id\":\"https:\/\/www.mediaspecs.be\/#website\",\"url\":\"https:\/\/www.mediaspecs.be\/\",\"name\":\"MediaSpecs\",\"description\":\"\",\"potentialAction\":[{\"@type\":\"SearchAction\",\"target\":{\"@type\":\"EntryPoint\",\"urlTemplate\":\"https:\/\/www.mediaspecs.be\/?s={search_term_string}\"},\"query-input\":{\"@type\":\"PropertyValueSpecification\",\"valueRequired\":true,\"valueName\":\"search_term_string\"}}],\"inLanguage\":\"fr-FR\"},{\"@type\":\"Person\",\"@id\":\"https:\/\/www.mediaspecs.be\/#\/schema\/person\/d83b92e96a208300c55cf83440c05017\",\"name\":\"@Bart\",\"image\":{\"@type\":\"ImageObject\",\"inLanguage\":\"fr-FR\",\"@id\":\"https:\/\/www.mediaspecs.be\/#\/schema\/person\/image\/\",\"url\":\"https:\/\/secure.gravatar.com\/avatar\/824cf9c5b9beb5ba4d806ef2f06f37a1?s=96&d=mm&r=g\",\"contentUrl\":\"https:\/\/secure.gravatar.com\/avatar\/824cf9c5b9beb5ba4d806ef2f06f37a1?s=96&d=mm&r=g\",\"caption\":\"@Bart\"}}]}<\/script>\n<!-- \/ Yoast SEO plugin. -->","yoast_head_json":{"title":"Une nouvelle identit\u00e9 visuelle pour Radio 1","robots":{"index":"index","follow":"follow","max-snippet":"max-snippet:-1","max-image-preview":"max-image-preview:large","max-video-preview":"max-video-preview:-1"},"canonical":"https:\/\/www.mediaspecs.be\/fr\/une-nouvelle-identite-visuelle-pour-radio-1\/","og_locale":"fr_FR","og_type":"article","og_title":"Une nouvelle identit\u00e9 visuelle pour Radio 1","og_description":"Radio 1, la radio contenu de la VRT, mise sur les plateformes digitales et l'\u00e9volution du comportement de l\u2019audience en adoptant un nouveau logo et une nouvelle identit\u00e9 visuelle.","og_url":"https:\/\/www.mediaspecs.be\/fr\/une-nouvelle-identite-visuelle-pour-radio-1\/","og_site_name":"MediaSpecs","article_published_time":"2025-02-11T14:48:29+00:00","article_modified_time":"2025-02-12T16:02:08+00:00","og_image":[{"width":313,"height":313,"url":"https:\/\/www.mediaspecs.be\/wp-content\/uploads\/2025\/02\/radio-een.logo25.png","type":"image\/png"}],"author":"@Bart","twitter_card":"summary_large_image","twitter_misc":{"\u00c9crit par":"@Bart","Dur\u00e9e de lecture estim\u00e9e":"3 minutes"},"schema":{"@context":"https:\/\/schema.org","@graph":[{"@type":"Article","@id":"https:\/\/www.mediaspecs.be\/fr\/une-nouvelle-identite-visuelle-pour-radio-1\/#article","isPartOf":{"@id":"https:\/\/www.mediaspecs.be\/fr\/une-nouvelle-identite-visuelle-pour-radio-1\/"},"author":{"name":"@Bart","@id":"https:\/\/www.mediaspecs.be\/#\/schema\/person\/d83b92e96a208300c55cf83440c05017"},"headline":"Une nouvelle identit\u00e9 visuelle pour Radio 1","datePublished":"2025-02-11T14:48:29+00:00","dateModified":"2025-02-12T16:02:08+00:00","mainEntityOfPage":{"@id":"https:\/\/www.mediaspecs.be\/fr\/une-nouvelle-identite-visuelle-pour-radio-1\/"},"wordCount":449,"image":{"@id":"https:\/\/www.mediaspecs.be\/fr\/une-nouvelle-identite-visuelle-pour-radio-1\/#primaryimage"},"thumbnailUrl":"https:\/\/www.mediaspecs.be\/wp-content\/uploads\/2025\/02\/radio-een.logo25.png","keywords":["Mirror Mirror","radio","Radio 1","Saffron","VRT","VRT MAX","VRT NWS"],"articleSection":["Media - fr"],"inLanguage":"fr-FR"},{"@type":"WebPage","@id":"https:\/\/www.mediaspecs.be\/fr\/une-nouvelle-identite-visuelle-pour-radio-1\/","url":"https:\/\/www.mediaspecs.be\/fr\/une-nouvelle-identite-visuelle-pour-radio-1\/","name":"Une nouvelle identit\u00e9 visuelle pour Radio 1","isPartOf":{"@id":"https:\/\/www.mediaspecs.be\/#website"},"primaryImageOfPage":{"@id":"https:\/\/www.mediaspecs.be\/fr\/une-nouvelle-identite-visuelle-pour-radio-1\/#primaryimage"},"image":{"@id":"https:\/\/www.mediaspecs.be\/fr\/une-nouvelle-identite-visuelle-pour-radio-1\/#primaryimage"},"thumbnailUrl":"https:\/\/www.mediaspecs.be\/wp-content\/uploads\/2025\/02\/radio-een.logo25.png","datePublished":"2025-02-11T14:48:29+00:00","dateModified":"2025-02-12T16:02:08+00:00","author":{"@id":"https:\/\/www.mediaspecs.be\/#\/schema\/person\/d83b92e96a208300c55cf83440c05017"},"breadcrumb":{"@id":"https:\/\/www.mediaspecs.be\/fr\/une-nouvelle-identite-visuelle-pour-radio-1\/#breadcrumb"},"inLanguage":"fr-FR","potentialAction":[{"@type":"ReadAction","target":["https:\/\/www.mediaspecs.be\/fr\/une-nouvelle-identite-visuelle-pour-radio-1\/"]}]},{"@type":"ImageObject","inLanguage":"fr-FR","@id":"https:\/\/www.mediaspecs.be\/fr\/une-nouvelle-identite-visuelle-pour-radio-1\/#primaryimage","url":"https:\/\/www.mediaspecs.be\/wp-content\/uploads\/2025\/02\/radio-een.logo25.png","contentUrl":"https:\/\/www.mediaspecs.be\/wp-content\/uploads\/2025\/02\/radio-een.logo25.png","width":313,"height":313},{"@type":"BreadcrumbList","@id":"https:\/\/www.mediaspecs.be\/fr\/une-nouvelle-identite-visuelle-pour-radio-1\/#breadcrumb","itemListElement":[{"@type":"ListItem","position":1,"name":"Home","item":"https:\/\/www.mediaspecs.be\/fr\/"},{"@type":"ListItem","position":2,"name":"Une nouvelle identit\u00e9 visuelle pour Radio 1"}]},{"@type":"WebSite","@id":"https:\/\/www.mediaspecs.be\/#website","url":"https:\/\/www.mediaspecs.be\/","name":"MediaSpecs","description":"","potentialAction":[{"@type":"SearchAction","target":{"@type":"EntryPoint","urlTemplate":"https:\/\/www.mediaspecs.be\/?s={search_term_string}"},"query-input":{"@type":"PropertyValueSpecification","valueRequired":true,"valueName":"search_term_string"}}],"inLanguage":"fr-FR"},{"@type":"Person","@id":"https:\/\/www.mediaspecs.be\/#\/schema\/person\/d83b92e96a208300c55cf83440c05017","name":"@Bart","image":{"@type":"ImageObject","inLanguage":"fr-FR","@id":"https:\/\/www.mediaspecs.be\/#\/schema\/person\/image\/","url":"https:\/\/secure.gravatar.com\/avatar\/824cf9c5b9beb5ba4d806ef2f06f37a1?s=96&d=mm&r=g","contentUrl":"https:\/\/secure.gravatar.com\/avatar\/824cf9c5b9beb5ba4d806ef2f06f37a1?s=96&d=mm&r=g","caption":"@Bart"}}]}},"publishpress_future_action":{"enabled":false,"date":"2026-05-08 21:11:34","action":"change-status","newStatus":"draft","terms":[],"taxonomy":"category","extraData":[]},"publishpress_future_workflow_manual_trigger":{"enabledWorkflows":[]},"_links":{"self":[{"href":"https:\/\/www.mediaspecs.be\/fr\/wp-json\/wp\/v2\/posts\/231569","targetHints":{"allow":["GET"]}}],"collection":[{"href":"https:\/\/www.mediaspecs.be\/fr\/wp-json\/wp\/v2\/posts"}],"about":[{"href":"https:\/\/www.mediaspecs.be\/fr\/wp-json\/wp\/v2\/types\/post"}],"author":[{"embeddable":true,"href":"https:\/\/www.mediaspecs.be\/fr\/wp-json\/wp\/v2\/users\/4"}],"replies":[{"embeddable":true,"href":"https:\/\/www.mediaspecs.be\/fr\/wp-json\/wp\/v2\/comments?post=231569"}],"version-history":[{"count":0,"href":"https:\/\/www.mediaspecs.be\/fr\/wp-json\/wp\/v2\/posts\/231569\/revisions"}],"wp:featuredmedia":[{"embeddable":true,"href":"https:\/\/www.mediaspecs.be\/fr\/wp-json\/wp\/v2\/media\/231566"}],"wp:attachment":[{"href":"https:\/\/www.mediaspecs.be\/fr\/wp-json\/wp\/v2\/media?parent=231569"}],"wp:term":[{"taxonomy":"category","embeddable":true,"href":"https:\/\/www.mediaspecs.be\/fr\/wp-json\/wp\/v2\/categories?post=231569"},{"taxonomy":"post_tag","embeddable":true,"href":"https:\/\/www.mediaspecs.be\/fr\/wp-json\/wp\/v2\/tags?post=231569"}],"curies":[{"name":"wp","href":"https:\/\/api.w.org\/{rel}","templated":true}]}}