{"id":220614,"date":"2024-05-07T14:48:50","date_gmt":"2024-05-07T12:48:50","guid":{"rendered":"https:\/\/www.mediaspecs.be\/?p=220614"},"modified":"2024-05-07T15:15:20","modified_gmt":"2024-05-07T13:15:20","slug":"un-ecran-pub-non-desactivable-dune-minute-au-debut-de-tout-programme-enregistre-sur-rtl","status":"publish","type":"post","link":"https:\/\/www.mediaspecs.be\/fr\/un-ecran-pub-non-desactivable-dune-minute-au-debut-de-tout-programme-enregistre-sur-rtl\/","title":{"rendered":"Un \u00e9cran pub non d\u00e9sactivable d&rsquo;une minute au d\u00e9but de tout programme enregistr\u00e9 sur RTL"},"content":{"rendered":"<p><strong>RTL Belgium est le premier groupe de t\u00e9l\u00e9vision francophone \u00e0 se lancer dans un mod\u00e8le uniforme pour la publicit\u00e9 t\u00e9l\u00e9vis\u00e9e. D\u00e9sormais, les t\u00e9l\u00e9spectateurs abonn\u00e9s chez Telenet devront regarder un \u00e9cran publicitaire non d\u00e9sactivable d&rsquo;une minute au d\u00e9but de tout programme enregistr\u00e9. Et ce n&rsquo;est qu&rsquo;une premi\u00e8re \u00e9tape, pr\u00e9vient RTL : les autres cha\u00eenes de TV et les autres op\u00e9rateurs t\u00e9l\u00e9coms devraient suivre prochainement.<\/strong><\/p>\n<p>Les habitudes de consommation de la t\u00e9l\u00e9vision ont radicalement chang\u00e9 au cours de ces derni\u00e8res ann\u00e9es, constate <strong>RTL<\/strong>. Selon une \u00e9tude qu&rsquo;elle a commandit\u00e9e \u00e0 l&rsquo;automne dernier, le Belge francophone moyen consomme chaque jour 5 heures et 37 minutes de vid\u00e9os de tous types. De ce temps, 197 minutes, soit 3h17, sont consacr\u00e9es \u00e0 la t\u00e9l\u00e9vision \u00ab\u00a0traditionnelle\u00a0\u00bb (lin\u00e9aire + enregistrements + replay). Mais le groupe de m\u00e9dia a \u00e9galement constat\u00e9 un autre changement majeur : l&rsquo;augmentation croissante du passage en acc\u00e9l\u00e9r\u00e9 des publicit\u00e9s, ce qui interpelle de nombreux annonceurs.<\/p>\n<p>Le nouveau mod\u00e8le publicitaire s&rsquo;inspire de ce que les t\u00e9l\u00e9spectateurs vivent d\u00e9j\u00e0 aujourd&rsquo;hui sur les plateformes de vid\u00e9os en ligne. Son but est d&rsquo;\u00e9viter que le consommateur zappe les publicit\u00e9s, un comportement qui a un impact direct sur les revenus publicitaires et donc sur la production locale de contenus pour la t\u00e9l\u00e9vision, en grande partie, financ\u00e9e par ces revenus, souligne RTL.<\/p>\n<p>Les annonceurs d\u00e9pensent par ailleurs de plus en plus leurs budgets sur les plateformes digitales internationales. Autant de pertes de revenus publicitaires qui diminuent la capacit\u00e9 des acteurs du march\u00e9 \u00e0 investir dans les productions locales, situe l&rsquo;entreprise.<\/p>\n<p>Les acteurs du march\u00e9 ont d\u00e9j\u00e0 travaill\u00e9 ensemble sur des initiatives telles que la publicit\u00e9 personnalis\u00e9e (utiliser la publicit\u00e9 \u00e0 la t\u00e9l\u00e9vision de mani\u00e8re cibl\u00e9e) ou la publicit\u00e9 sur le bouton pause (afficher une publicit\u00e9 lorsqu&rsquo;il y a une pause), rappelle RTL. Mais ces initiatives ne suffisent plus \u00e0 elles seules \u00e0 maintenir un niveau de revenus suffisant, constate le groupe de m\u00e9dia.<\/p>\n<p><em>\u00ab\u00a0Pour pr\u00e9server la qualit\u00e9 et le succ\u00e8s des contenus locaux en F\u00e9d\u00e9ration Wallonie-Bruxelles, les diff\u00e9rents acteurs du secteur se sont concert\u00e9s pour apporter une solution uniforme \u00e0 travers ce nouveau mod\u00e8le publicitaire\u00a0\u00bb<\/em>, explique l&rsquo;entreprise propri\u00e9taire des cha\u00eenes RTL tvi, RTL club et RTL plug.<\/p>\n<p><em>\u00ab\u00a0La t\u00e9l\u00e9vision, la dynamique concurrentielle avec les plateformes de streaming, la perc\u00e9e de l&rsquo;IPTV et les modes de consommation ont sans cesse \u00e9volu\u00e9 au cours des derni\u00e8res ann\u00e9es, poussant les acteurs locaux \u00e0 se r\u00e9inventer et r\u00e9affirmer leur position gr\u00e2ce \u00e0 leurs contenus locaux, leurs m\u00e9dias, leurs talents et leurs marques fortes. Il est donc crucial de continuer \u00e0 pr\u00e9server notre business model de mani\u00e8re responsable, \u00e9quilibr\u00e9e et p\u00e9renne pour tous\u00a0\u00bb<\/em>, insiste <strong>Guillaume Collard<\/strong>, le CEO de RTL Belgium.<\/p>\n<p><em>\u00ab\u00a0Nous pensons qu&rsquo;avec ce nouveau mod\u00e8le publicitaire, nous avons trouv\u00e9 un \u00e9quilibre qui profite \u00e0 tous. Ce faisant, nous donnons de l&rsquo;oxyg\u00e8ne au secteur afin de pouvoir continuer \u00e0 offrir \u00e0 nos t\u00e9l\u00e9spectateurs les meilleurs programmes et s\u00e9ries locales\u00a0\u00bb<\/em>, abonde <strong>John Porter<\/strong>, CEO de l&rsquo;op\u00e9rateur t\u00e9l\u00e9com Telenet.<\/p>\n<p>Concr\u00e8tement, d\u00e8s que le nouveau mod\u00e8le publicitaire sera activ\u00e9 sur leur d\u00e9codeur, les clients Telenet recevront le Replay TV gratuit pendant 7 jours, inclus dans leur abonnement TV. Ils ne pourront en outre pas ignorer la publicit\u00e9 dans le programme en replay. Le contenu du programme pourra \u00eatre acc\u00e9l\u00e9r\u00e9, mais plus les espaces publicitaires.<\/p>\n<p>La mise \u00e0 jour s&rsquo;effectuera automatiquement sur le d\u00e9codeur et s&rsquo;appliquera \u00e9galement au visionnage sur un deuxi\u00e8me \u00e9cran. Tous les clients concern\u00e9s recevront une communication personnelle \u00e0 ce sujet dans les semaines \u00e0 venir, assure-t-on chez Telenet. Ils auront \u00e9galement une notification sur leur t\u00e9l\u00e9viseur d\u00e8s que les changements commenceront.<\/p>\n<p>En Flandre, les groupes de m\u00e9dia <strong>DPG Media<\/strong> et <strong>Play Media<\/strong> ont mis en place cette pratique d\u00e8s 2021, d&rsquo;abord via Telenet puis via Proximus.<\/p>\n<p>Il s&rsquo;agit ici d&rsquo;une premi\u00e8re \u00e9tape, insiste RTL, et <em>\u00ab\u00a0tous les autres acteurs du march\u00e9 soutiennent le mod\u00e8le et envisagent sa mise en \u0153uvre\u00a0\u00bb<\/em>. Dans une phase ult\u00e9rieure, <em>\u00ab\u00a0l&rsquo;ensemble des cha\u00eenes de t\u00e9l\u00e9vision francophones\u00a0\u00bb<\/em> suivront \u00e9galement.<\/p>\n<p>Du c\u00f4t\u00e9 de la <strong>RTBF<\/strong>, on ne se prononce cependant pas encore sur le d\u00e9ploiement de ce mod\u00e8le. <em>\u00ab\u00a0C&rsquo;est un mouvement g\u00e9n\u00e9ralis\u00e9 en Flandre. Nous sommes inform\u00e9s de la d\u00e9cision de RTL et n&rsquo;avons pas de commentaire, \u00e0 ce stade, \u00e0 donner sur un d\u00e9ploiement prochain de notre c\u00f4t\u00e9\u00a0\u00bb<\/em>, commente la porte-parole <strong>Axelle Pollet<\/strong>.<\/p>\n<p>Chez <strong>Proximus<\/strong>, on indique <em>\u00ab\u00a0\u00eatre en discussions\u00a0\u00bb<\/em> avec RTL Belgium et ne pas avoir de communications particuli\u00e8res en ce moment en ce qui concerne les autres groupes de m\u00e9dias.<\/p>\n<p>L&rsquo;op\u00e9rateur t\u00e9l\u00e9com assure soutenir le principe et se dit ouvert \u00e0 des nouveaux mod\u00e8les qui supportent les annonceurs locaux ou l&rsquo;\u00e9cosyst\u00e8me m\u00e9dia local. L&rsquo;\u00e9cran publicitaire non d\u00e9sactivable est en outre d\u00e9j\u00e0 automatique chez Proximus pour les programmes en replay de toutes les cha\u00eenes, \u00e0 moins de souscrire \u00e0 une option payante.<\/p>\n<p>Source : Belga.<\/p>\n","protected":false},"excerpt":{"rendered":"<p>D\u00e9sormais, les t\u00e9l\u00e9spectateurs abonn\u00e9s chez Telenet devront regarder un \u00e9cran publicitaire non d\u00e9sactivable d&rsquo;une minute au d\u00e9but de tout programme enregistr\u00e9 sur RTL Belgium.<\/p>\n","protected":false},"author":7,"featured_media":204610,"comment_status":"closed","ping_status":"closed","sticky":false,"template":"","format":"standard","meta":{"_acf_changed":false,"_monsterinsights_skip_tracking":false,"_monsterinsights_sitenote_active":false,"_monsterinsights_sitenote_note":"","_monsterinsights_sitenote_category":0,"footnotes":""},"categories":[16],"tags":[14416,9175,12369,12017,10218,19128,9176,9138,8507,1078,6508,100,7533],"class_list":["post-220614","post","type-post","status-publish","format-standard","has-post-thumbnail","hentry","category-non-classifiee","tag-axelle-pollet","tag-club-rtl","tag-dpg-media-fr","tag-guillaume-collard-fr","tag-john-porter-fr","tag-play-media-fr","tag-plug-rtl","tag-proximus-fr","tag-rtbf-fr","tag-rtl-belgium","tag-rtl-tvi","tag-telenet","tag-television"],"acf":[],"yoast_head":"<!-- This site is optimized with the Yoast SEO plugin v26.8 - https:\/\/yoast.com\/product\/yoast-seo-wordpress\/ -->\n<title>Un \u00e9cran pub non d\u00e9sactivable d&#039;une minute au d\u00e9but de tout programme enregistr\u00e9 sur RTL<\/title>\n<meta name=\"robots\" content=\"index, follow, max-snippet:-1, max-image-preview:large, max-video-preview:-1\" \/>\n<link rel=\"canonical\" href=\"https:\/\/www.mediaspecs.be\/fr\/un-ecran-pub-non-desactivable-dune-minute-au-debut-de-tout-programme-enregistre-sur-rtl\/\" \/>\n<meta property=\"og:locale\" content=\"fr_FR\" \/>\n<meta property=\"og:type\" content=\"article\" \/>\n<meta property=\"og:title\" content=\"Un \u00e9cran pub non d\u00e9sactivable d&#039;une minute au d\u00e9but de tout programme enregistr\u00e9 sur RTL\" \/>\n<meta property=\"og:description\" content=\"D\u00e9sormais, les t\u00e9l\u00e9spectateurs abonn\u00e9s chez Telenet devront regarder un \u00e9cran publicitaire non d\u00e9sactivable d&#039;une minute au d\u00e9but de tout programme enregistr\u00e9 sur RTL Belgium.\" \/>\n<meta property=\"og:url\" content=\"https:\/\/www.mediaspecs.be\/fr\/un-ecran-pub-non-desactivable-dune-minute-au-debut-de-tout-programme-enregistre-sur-rtl\/\" \/>\n<meta property=\"og:site_name\" content=\"MediaSpecs\" \/>\n<meta property=\"article:published_time\" content=\"2024-05-07T12:48:50+00:00\" \/>\n<meta property=\"article:modified_time\" content=\"2024-05-07T13:15:20+00:00\" \/>\n<meta property=\"og:image\" content=\"https:\/\/www.mediaspecs.be\/wp-content\/uploads\/2023\/03\/RTL-Belgium_nieuw-logo.png\" \/>\n\t<meta property=\"og:image:width\" content=\"322\" \/>\n\t<meta property=\"og:image:height\" content=\"320\" \/>\n\t<meta property=\"og:image:type\" content=\"image\/png\" \/>\n<meta name=\"author\" content=\"@Wim\" \/>\n<meta name=\"twitter:card\" content=\"summary_large_image\" \/>\n<meta name=\"twitter:label1\" content=\"\u00c9crit par\" \/>\n\t<meta name=\"twitter:data1\" content=\"@Wim\" \/>\n\t<meta name=\"twitter:label2\" content=\"Dur\u00e9e de lecture estim\u00e9e\" \/>\n\t<meta name=\"twitter:data2\" content=\"5 minutes\" \/>\n<script type=\"application\/ld+json\" class=\"yoast-schema-graph\">{\"@context\":\"https:\/\/schema.org\",\"@graph\":[{\"@type\":\"Article\",\"@id\":\"https:\/\/www.mediaspecs.be\/fr\/un-ecran-pub-non-desactivable-dune-minute-au-debut-de-tout-programme-enregistre-sur-rtl\/#article\",\"isPartOf\":{\"@id\":\"https:\/\/www.mediaspecs.be\/fr\/un-ecran-pub-non-desactivable-dune-minute-au-debut-de-tout-programme-enregistre-sur-rtl\/\"},\"author\":{\"name\":\"@Wim\",\"@id\":\"https:\/\/www.mediaspecs.be\/#\/schema\/person\/e7abfbc9d625b3ef13e2253554a61317\"},\"headline\":\"Un \u00e9cran pub non d\u00e9sactivable d&rsquo;une minute au d\u00e9but de tout programme enregistr\u00e9 sur RTL\",\"datePublished\":\"2024-05-07T12:48:50+00:00\",\"dateModified\":\"2024-05-07T13:15:20+00:00\",\"mainEntityOfPage\":{\"@id\":\"https:\/\/www.mediaspecs.be\/fr\/un-ecran-pub-non-desactivable-dune-minute-au-debut-de-tout-programme-enregistre-sur-rtl\/\"},\"wordCount\":918,\"image\":{\"@id\":\"https:\/\/www.mediaspecs.be\/fr\/un-ecran-pub-non-desactivable-dune-minute-au-debut-de-tout-programme-enregistre-sur-rtl\/#primaryimage\"},\"thumbnailUrl\":\"https:\/\/www.mediaspecs.be\/wp-content\/uploads\/2023\/03\/RTL-Belgium_nieuw-logo.png\",\"keywords\":[\"Axelle Pollet\",\"Club RTL\",\"DPG Media\",\"Guillaume Collard\",\"John Porter\",\"Play Media\",\"Plug RTL\",\"Proximus\",\"RTBF\",\"RTL Belgium\",\"RTL-TVi\",\"Telenet\",\"t\u00e9l\u00e9vision\"],\"articleSection\":[\"Non classifi\"],\"inLanguage\":\"fr-FR\"},{\"@type\":\"WebPage\",\"@id\":\"https:\/\/www.mediaspecs.be\/fr\/un-ecran-pub-non-desactivable-dune-minute-au-debut-de-tout-programme-enregistre-sur-rtl\/\",\"url\":\"https:\/\/www.mediaspecs.be\/fr\/un-ecran-pub-non-desactivable-dune-minute-au-debut-de-tout-programme-enregistre-sur-rtl\/\",\"name\":\"Un \u00e9cran pub non d\u00e9sactivable d'une minute au d\u00e9but de tout programme enregistr\u00e9 sur RTL\",\"isPartOf\":{\"@id\":\"https:\/\/www.mediaspecs.be\/#website\"},\"primaryImageOfPage\":{\"@id\":\"https:\/\/www.mediaspecs.be\/fr\/un-ecran-pub-non-desactivable-dune-minute-au-debut-de-tout-programme-enregistre-sur-rtl\/#primaryimage\"},\"image\":{\"@id\":\"https:\/\/www.mediaspecs.be\/fr\/un-ecran-pub-non-desactivable-dune-minute-au-debut-de-tout-programme-enregistre-sur-rtl\/#primaryimage\"},\"thumbnailUrl\":\"https:\/\/www.mediaspecs.be\/wp-content\/uploads\/2023\/03\/RTL-Belgium_nieuw-logo.png\",\"datePublished\":\"2024-05-07T12:48:50+00:00\",\"dateModified\":\"2024-05-07T13:15:20+00:00\",\"author\":{\"@id\":\"https:\/\/www.mediaspecs.be\/#\/schema\/person\/e7abfbc9d625b3ef13e2253554a61317\"},\"breadcrumb\":{\"@id\":\"https:\/\/www.mediaspecs.be\/fr\/un-ecran-pub-non-desactivable-dune-minute-au-debut-de-tout-programme-enregistre-sur-rtl\/#breadcrumb\"},\"inLanguage\":\"fr-FR\",\"potentialAction\":[{\"@type\":\"ReadAction\",\"target\":[\"https:\/\/www.mediaspecs.be\/fr\/un-ecran-pub-non-desactivable-dune-minute-au-debut-de-tout-programme-enregistre-sur-rtl\/\"]}]},{\"@type\":\"ImageObject\",\"inLanguage\":\"fr-FR\",\"@id\":\"https:\/\/www.mediaspecs.be\/fr\/un-ecran-pub-non-desactivable-dune-minute-au-debut-de-tout-programme-enregistre-sur-rtl\/#primaryimage\",\"url\":\"https:\/\/www.mediaspecs.be\/wp-content\/uploads\/2023\/03\/RTL-Belgium_nieuw-logo.png\",\"contentUrl\":\"https:\/\/www.mediaspecs.be\/wp-content\/uploads\/2023\/03\/RTL-Belgium_nieuw-logo.png\",\"width\":322,\"height\":320},{\"@type\":\"BreadcrumbList\",\"@id\":\"https:\/\/www.mediaspecs.be\/fr\/un-ecran-pub-non-desactivable-dune-minute-au-debut-de-tout-programme-enregistre-sur-rtl\/#breadcrumb\",\"itemListElement\":[{\"@type\":\"ListItem\",\"position\":1,\"name\":\"Home\",\"item\":\"https:\/\/www.mediaspecs.be\/fr\/\"},{\"@type\":\"ListItem\",\"position\":2,\"name\":\"Un \u00e9cran pub non d\u00e9sactivable d&#8217;une minute au d\u00e9but de tout programme enregistr\u00e9 sur RTL\"}]},{\"@type\":\"WebSite\",\"@id\":\"https:\/\/www.mediaspecs.be\/#website\",\"url\":\"https:\/\/www.mediaspecs.be\/\",\"name\":\"MediaSpecs\",\"description\":\"\",\"potentialAction\":[{\"@type\":\"SearchAction\",\"target\":{\"@type\":\"EntryPoint\",\"urlTemplate\":\"https:\/\/www.mediaspecs.be\/?s={search_term_string}\"},\"query-input\":{\"@type\":\"PropertyValueSpecification\",\"valueRequired\":true,\"valueName\":\"search_term_string\"}}],\"inLanguage\":\"fr-FR\"},{\"@type\":\"Person\",\"@id\":\"https:\/\/www.mediaspecs.be\/#\/schema\/person\/e7abfbc9d625b3ef13e2253554a61317\",\"name\":\"@Wim\",\"image\":{\"@type\":\"ImageObject\",\"inLanguage\":\"fr-FR\",\"@id\":\"https:\/\/www.mediaspecs.be\/#\/schema\/person\/image\/\",\"url\":\"https:\/\/secure.gravatar.com\/avatar\/de892638610b43fa24678a1bf0b93dea?s=96&d=mm&r=g\",\"contentUrl\":\"https:\/\/secure.gravatar.com\/avatar\/de892638610b43fa24678a1bf0b93dea?s=96&d=mm&r=g\",\"caption\":\"@Wim\"}}]}<\/script>\n<!-- \/ Yoast SEO plugin. -->","yoast_head_json":{"title":"Un \u00e9cran pub non d\u00e9sactivable d'une minute au d\u00e9but de tout programme enregistr\u00e9 sur RTL","robots":{"index":"index","follow":"follow","max-snippet":"max-snippet:-1","max-image-preview":"max-image-preview:large","max-video-preview":"max-video-preview:-1"},"canonical":"https:\/\/www.mediaspecs.be\/fr\/un-ecran-pub-non-desactivable-dune-minute-au-debut-de-tout-programme-enregistre-sur-rtl\/","og_locale":"fr_FR","og_type":"article","og_title":"Un \u00e9cran pub non d\u00e9sactivable d'une minute au d\u00e9but de tout programme enregistr\u00e9 sur RTL","og_description":"D\u00e9sormais, les t\u00e9l\u00e9spectateurs abonn\u00e9s chez Telenet devront regarder un \u00e9cran publicitaire non d\u00e9sactivable d'une minute au d\u00e9but de tout programme enregistr\u00e9 sur RTL Belgium.","og_url":"https:\/\/www.mediaspecs.be\/fr\/un-ecran-pub-non-desactivable-dune-minute-au-debut-de-tout-programme-enregistre-sur-rtl\/","og_site_name":"MediaSpecs","article_published_time":"2024-05-07T12:48:50+00:00","article_modified_time":"2024-05-07T13:15:20+00:00","og_image":[{"width":322,"height":320,"url":"https:\/\/www.mediaspecs.be\/wp-content\/uploads\/2023\/03\/RTL-Belgium_nieuw-logo.png","type":"image\/png"}],"author":"@Wim","twitter_card":"summary_large_image","twitter_misc":{"\u00c9crit par":"@Wim","Dur\u00e9e de lecture estim\u00e9e":"5 minutes"},"schema":{"@context":"https:\/\/schema.org","@graph":[{"@type":"Article","@id":"https:\/\/www.mediaspecs.be\/fr\/un-ecran-pub-non-desactivable-dune-minute-au-debut-de-tout-programme-enregistre-sur-rtl\/#article","isPartOf":{"@id":"https:\/\/www.mediaspecs.be\/fr\/un-ecran-pub-non-desactivable-dune-minute-au-debut-de-tout-programme-enregistre-sur-rtl\/"},"author":{"name":"@Wim","@id":"https:\/\/www.mediaspecs.be\/#\/schema\/person\/e7abfbc9d625b3ef13e2253554a61317"},"headline":"Un \u00e9cran pub non d\u00e9sactivable d&rsquo;une minute au d\u00e9but de tout programme enregistr\u00e9 sur RTL","datePublished":"2024-05-07T12:48:50+00:00","dateModified":"2024-05-07T13:15:20+00:00","mainEntityOfPage":{"@id":"https:\/\/www.mediaspecs.be\/fr\/un-ecran-pub-non-desactivable-dune-minute-au-debut-de-tout-programme-enregistre-sur-rtl\/"},"wordCount":918,"image":{"@id":"https:\/\/www.mediaspecs.be\/fr\/un-ecran-pub-non-desactivable-dune-minute-au-debut-de-tout-programme-enregistre-sur-rtl\/#primaryimage"},"thumbnailUrl":"https:\/\/www.mediaspecs.be\/wp-content\/uploads\/2023\/03\/RTL-Belgium_nieuw-logo.png","keywords":["Axelle Pollet","Club RTL","DPG Media","Guillaume Collard","John Porter","Play Media","Plug RTL","Proximus","RTBF","RTL Belgium","RTL-TVi","Telenet","t\u00e9l\u00e9vision"],"articleSection":["Non classifi"],"inLanguage":"fr-FR"},{"@type":"WebPage","@id":"https:\/\/www.mediaspecs.be\/fr\/un-ecran-pub-non-desactivable-dune-minute-au-debut-de-tout-programme-enregistre-sur-rtl\/","url":"https:\/\/www.mediaspecs.be\/fr\/un-ecran-pub-non-desactivable-dune-minute-au-debut-de-tout-programme-enregistre-sur-rtl\/","name":"Un \u00e9cran pub non d\u00e9sactivable d'une minute au d\u00e9but de tout programme enregistr\u00e9 sur RTL","isPartOf":{"@id":"https:\/\/www.mediaspecs.be\/#website"},"primaryImageOfPage":{"@id":"https:\/\/www.mediaspecs.be\/fr\/un-ecran-pub-non-desactivable-dune-minute-au-debut-de-tout-programme-enregistre-sur-rtl\/#primaryimage"},"image":{"@id":"https:\/\/www.mediaspecs.be\/fr\/un-ecran-pub-non-desactivable-dune-minute-au-debut-de-tout-programme-enregistre-sur-rtl\/#primaryimage"},"thumbnailUrl":"https:\/\/www.mediaspecs.be\/wp-content\/uploads\/2023\/03\/RTL-Belgium_nieuw-logo.png","datePublished":"2024-05-07T12:48:50+00:00","dateModified":"2024-05-07T13:15:20+00:00","author":{"@id":"https:\/\/www.mediaspecs.be\/#\/schema\/person\/e7abfbc9d625b3ef13e2253554a61317"},"breadcrumb":{"@id":"https:\/\/www.mediaspecs.be\/fr\/un-ecran-pub-non-desactivable-dune-minute-au-debut-de-tout-programme-enregistre-sur-rtl\/#breadcrumb"},"inLanguage":"fr-FR","potentialAction":[{"@type":"ReadAction","target":["https:\/\/www.mediaspecs.be\/fr\/un-ecran-pub-non-desactivable-dune-minute-au-debut-de-tout-programme-enregistre-sur-rtl\/"]}]},{"@type":"ImageObject","inLanguage":"fr-FR","@id":"https:\/\/www.mediaspecs.be\/fr\/un-ecran-pub-non-desactivable-dune-minute-au-debut-de-tout-programme-enregistre-sur-rtl\/#primaryimage","url":"https:\/\/www.mediaspecs.be\/wp-content\/uploads\/2023\/03\/RTL-Belgium_nieuw-logo.png","contentUrl":"https:\/\/www.mediaspecs.be\/wp-content\/uploads\/2023\/03\/RTL-Belgium_nieuw-logo.png","width":322,"height":320},{"@type":"BreadcrumbList","@id":"https:\/\/www.mediaspecs.be\/fr\/un-ecran-pub-non-desactivable-dune-minute-au-debut-de-tout-programme-enregistre-sur-rtl\/#breadcrumb","itemListElement":[{"@type":"ListItem","position":1,"name":"Home","item":"https:\/\/www.mediaspecs.be\/fr\/"},{"@type":"ListItem","position":2,"name":"Un \u00e9cran pub non d\u00e9sactivable d&#8217;une minute au d\u00e9but de tout programme enregistr\u00e9 sur RTL"}]},{"@type":"WebSite","@id":"https:\/\/www.mediaspecs.be\/#website","url":"https:\/\/www.mediaspecs.be\/","name":"MediaSpecs","description":"","potentialAction":[{"@type":"SearchAction","target":{"@type":"EntryPoint","urlTemplate":"https:\/\/www.mediaspecs.be\/?s={search_term_string}"},"query-input":{"@type":"PropertyValueSpecification","valueRequired":true,"valueName":"search_term_string"}}],"inLanguage":"fr-FR"},{"@type":"Person","@id":"https:\/\/www.mediaspecs.be\/#\/schema\/person\/e7abfbc9d625b3ef13e2253554a61317","name":"@Wim","image":{"@type":"ImageObject","inLanguage":"fr-FR","@id":"https:\/\/www.mediaspecs.be\/#\/schema\/person\/image\/","url":"https:\/\/secure.gravatar.com\/avatar\/de892638610b43fa24678a1bf0b93dea?s=96&d=mm&r=g","contentUrl":"https:\/\/secure.gravatar.com\/avatar\/de892638610b43fa24678a1bf0b93dea?s=96&d=mm&r=g","caption":"@Wim"}}]}},"publishpress_future_action":{"enabled":false,"date":"2026-05-08 21:21:24","action":"change-status","newStatus":"draft","terms":[],"taxonomy":"category","extraData":[]},"publishpress_future_workflow_manual_trigger":{"enabledWorkflows":[]},"_links":{"self":[{"href":"https:\/\/www.mediaspecs.be\/fr\/wp-json\/wp\/v2\/posts\/220614","targetHints":{"allow":["GET"]}}],"collection":[{"href":"https:\/\/www.mediaspecs.be\/fr\/wp-json\/wp\/v2\/posts"}],"about":[{"href":"https:\/\/www.mediaspecs.be\/fr\/wp-json\/wp\/v2\/types\/post"}],"author":[{"embeddable":true,"href":"https:\/\/www.mediaspecs.be\/fr\/wp-json\/wp\/v2\/users\/7"}],"replies":[{"embeddable":true,"href":"https:\/\/www.mediaspecs.be\/fr\/wp-json\/wp\/v2\/comments?post=220614"}],"version-history":[{"count":0,"href":"https:\/\/www.mediaspecs.be\/fr\/wp-json\/wp\/v2\/posts\/220614\/revisions"}],"wp:featuredmedia":[{"embeddable":true,"href":"https:\/\/www.mediaspecs.be\/fr\/wp-json\/wp\/v2\/media\/204610"}],"wp:attachment":[{"href":"https:\/\/www.mediaspecs.be\/fr\/wp-json\/wp\/v2\/media?parent=220614"}],"wp:term":[{"taxonomy":"category","embeddable":true,"href":"https:\/\/www.mediaspecs.be\/fr\/wp-json\/wp\/v2\/categories?post=220614"},{"taxonomy":"post_tag","embeddable":true,"href":"https:\/\/www.mediaspecs.be\/fr\/wp-json\/wp\/v2\/tags?post=220614"}],"curies":[{"name":"wp","href":"https:\/\/api.w.org\/{rel}","templated":true}]}}