{"id":180320,"date":"2021-07-30T10:00:34","date_gmt":"2021-07-30T08:00:34","guid":{"rendered":"https:\/\/www.mediaspecs.be\/?p=180320"},"modified":"2021-07-30T12:38:24","modified_gmt":"2021-07-30T10:38:24","slug":"mediaspecs-summer-interview-5-9-gondola-un-centre-de-connaissances-comme-nouveau-business-model-pour-la-presse-specialisee-pierre-alexandre-billiet-ceo-raconte","status":"publish","type":"post","link":"https:\/\/www.mediaspecs.be\/fr\/mediaspecs-summer-interview-5-9-gondola-un-centre-de-connaissances-comme-nouveau-business-model-pour-la-presse-specialisee-pierre-alexandre-billiet-ceo-raconte\/","title":{"rendered":"MediaSpecs Summer Interview 5\/9 &#8211; Gondola : un centre de connaissances comme nouveau business model pour la presse sp\u00e9cialis\u00e9e. Pierre-Alexandre Billiet, CEO, raconte"},"content":{"rendered":"<p><strong>La presse sp\u00e9cialis\u00e9e. C&rsquo;est un terme qui \u00e9voque tout un monde. Aujourd&rsquo;hui, il ne s&rsquo;agit m\u00eame plus de la presse classique, car les \u00e9diteurs de m\u00e9dias BtoB empruntent des voies modernes et trouvent de nouveaux mod\u00e8les \u00e9conomiques. Et puis il y a Gondola avec un plaidoyer ardent pour le monde BtoB.<\/strong><\/p>\n<p><strong>Pierre-Alexandre Billiet<\/strong> (CEO) en sait quelque chose. <strong>Gondola<\/strong> est une soci\u00e9t\u00e9 m\u00e9dias en plein essor qui propose un magazine soign\u00e9 pour le secteur du retail (publi\u00e9 10 fois par an). Il g\u00e8re un magazine, mais en m\u00eame temps, il va beaucoup plus loin que la simple publication. Gondola est un <strong>centre de connaissances<\/strong>. Car \u00e0 c\u00f4t\u00e9 du magazine et du site web, Gondola a une Academy, une Society (avec le Business Club et les \u00e9v\u00e9nements), People (une plateforme de recrutement) et m\u00eame un fonds d&rsquo;investissement.<\/p>\n<h3><strong>Gondola offre des connaissances pr\u00e9cises<\/strong><\/h3>\n<p><em>\u00ab\u00a0<strong>Topinfo<\/strong>\u00ab\u00a0<\/em>, c&rsquo;est ainsi que le CEO appelle sa marchandise. C&rsquo;est un mot cl\u00e9 que Pierre-Alexandre Billiet est fier d&rsquo;utiliser, car c&rsquo;est ce que Gondola offre au secteur. <em>\u00ab\u00a0Nous sommes les seuls \u00e0 avoir des parts de march\u00e9, des chiffres de p\u00e9n\u00e9tration, etc. Tout le monde a une opinion sur le retail : \u2018Le retail va bien ou pas bien\u2019. C&rsquo;est nous qui pouvons dire : \u2018Le retail va augmenter de tant\u2019 ou \u2018Ce segment va augmenter de 2,3%\u2019. Cela signifie que nous pouvons communiquer tr\u00e8s pr\u00e9cis\u00e9ment sur les choses.\u00a0\u00bb<\/em><\/p>\n<a href=\"https:\/\/www.mediaspecs.be\/wp-content\/uploads\/2018\/01\/This-is-gondola.jpg\"><img loading=\"lazy\" decoding=\"async\" width=\"1500\" height=\"844\" class=\"aligncenter size-full wp-image-180584\" src=\"https:\/\/www.mediaspecs.be\/wp-content\/uploads\/2018\/01\/This-is-gondola.jpg\" alt=\"\" srcset=\"https:\/\/www.mediaspecs.be\/wp-content\/uploads\/2018\/01\/This-is-gondola.jpg 1500w, https:\/\/www.mediaspecs.be\/wp-content\/uploads\/2018\/01\/This-is-gondola-185x104.jpg 185w, https:\/\/www.mediaspecs.be\/wp-content\/uploads\/2018\/01\/This-is-gondola-768x432.jpg 768w, https:\/\/www.mediaspecs.be\/wp-content\/uploads\/2018\/01\/This-is-gondola-88x50.jpg 88w\" sizes=\"auto, (max-width: 1500px) 100vw, 1500px\" \/><\/a>\n<p>Les donn\u00e9es sont souvent obtenues en collaboration avec Nielsen et GfK, mais les donn\u00e9es propres \u00e0 Gondola font \u00e9galement partie de ses attributions. <em>\u00ab\u00a0Nous avons aussi beaucoup de <strong>chiffres qui nous sont propres<\/strong>. C&rsquo;est vraiment un m\u00e9lange. Nous faisons beaucoup de recherches. Par exemple, nous en avons maintenant une sur le march\u00e9 de l&rsquo;occasion. Ce qui est int\u00e9ressant, c&rsquo;est que ces \u00e9tudes portent g\u00e9n\u00e9ralement sur l&rsquo;Europe, l&rsquo;Am\u00e9rique du Nord ou l&rsquo;Asie-Pacifique, mais pour nous, il s&rsquo;agit de la <strong>Belgique ou du Benelux<\/strong>. Cela s&rsquo;applique donc tr\u00e8s bien aux professionnels et aux entreprises qui op\u00e8rent en Belgique et aux Pays-Bas.\u00a0\u00bb<\/em><\/p>\n<a href=\"https:\/\/www.mediaspecs.be\/wp-content\/uploads\/2018\/01\/GA-1.jpg\"><img loading=\"lazy\" decoding=\"async\" class=\"aligncenter wp-image-180588\" src=\"https:\/\/www.mediaspecs.be\/wp-content\/uploads\/2018\/01\/GA-1.jpg\" alt=\"\" width=\"588\" height=\"441\" srcset=\"https:\/\/www.mediaspecs.be\/wp-content\/uploads\/2018\/01\/GA-1.jpg 1667w, https:\/\/www.mediaspecs.be\/wp-content\/uploads\/2018\/01\/GA-1-185x139.jpg 185w, https:\/\/www.mediaspecs.be\/wp-content\/uploads\/2018\/01\/GA-1-768x576.jpg 768w, https:\/\/www.mediaspecs.be\/wp-content\/uploads\/2018\/01\/GA-1-1536x1152.jpg 1536w, https:\/\/www.mediaspecs.be\/wp-content\/uploads\/2018\/01\/GA-1-88x66.jpg 88w\" sizes=\"auto, (max-width: 588px) 100vw, 588px\" \/><\/a>\n<h3><strong>BtoB op\u00e8re dans les niches ?<\/strong><\/h3>\n<p>Si vous pensez : <em>\u00ab\u00a0Le <strong>retail<\/strong>, ce n&rsquo;est qu&rsquo;une niche&#8230;\u00a0\u00bb<\/em> C&rsquo;est vrai, mais c&rsquo;est <strong>la plus grande niche<\/strong>, celle qui repr\u00e9sente plus de la moiti\u00e9 de l&rsquo;\u00e9conomie belge. Les m\u00e9dias de Gondola se conforment \u00e9galement \u00e0 la nature de la b\u00eate : <em>\u00ab\u00a0Nous suivons la parit\u00e9 du march\u00e9. 60 \u00e0 65% sont des d\u00e9taillants alimentaires, et ensuite il y a les services et une petite partie non alimentaire, etc<\/em>.\u00a0\u00bb Et Gondola a une bonne couverture dans cette \u00ab\u00a0niche\u00a0\u00bb BtoB<em>. \u00ab\u00a0Dans le Business Club, il y a 450 CEO. Le Business Club est un \u00e9v\u00e9nement r\u00e9current qui r\u00e9unit chaque mois jusqu&rsquo;\u00e0 150 personnes.\u00a0\u00bb<\/em><\/p>\n<blockquote><p><strong><span style=\"color: #333399;\"><em>\u00ab\u00a0La consommation priv\u00e9e repr\u00e9sente 52 % de notre PIB. C&rsquo;est notre force : la taille du groupe cible. Notre faiblesse est la taille du pays\u00a0\u00bb<\/em><\/span><\/strong><\/p><\/blockquote>\n<h3><strong>De lourds investissements belges<\/strong><\/h3>\n<p><em>\u00ab\u00a0Nos investissements en Belgique sont tr\u00e8s lourds en comparaison\u00a0\u00bb<\/em>, d\u00e9clare Pierre-Alexandre Billiet. Les autres pays ont des habitudes diff\u00e9rentes. Et n&rsquo;oublions pas que la Belgique est tr\u00e8s sp\u00e9cifique. <em>\u00ab\u00a0Nous avons eu beaucoup de contacts il y a quelque temps avec <strong>des \u00e9diteurs \u00e9trangers similaires<\/strong> qui veulent aussi d\u00e9velopper cet \u00e9cosyst\u00e8me dans les \u00e9v\u00e9nements. Mais des pays comme l&rsquo;Allemagne, la France ou le Royaume-Uni sont si grands qu&rsquo;ils peuvent se permettre de se limiter \u00e0 l&rsquo;\u00e9dition. Ils n&rsquo;ont pas fait autant d&rsquo;efforts en mati\u00e8re de CRM ou de personnalisation. Ces pays peuvent encore fonctionner comme de vieilles machines : tr\u00e8s qualitatives en termes de contenu, mais tr\u00e8s classiques en termes de technologie. Ils peuvent se permettre d&rsquo;innover plus lentement \u00bb<\/em><\/p>\n<p>Si vous pensez ensuite \u00e0 des ordres de taille un peu plus similaire et que vous restez dans la zone linguistique n\u00e9erlandophone, vous aboutissez automatiquement aux Pays-Bas. Une solution pour Gondola ? Oui et non. <em>\u00ab\u00a0<strong>Certains de nos lecteurs se trouvent aux Pays-Bas<\/strong>, mais c&rsquo;est un march\u00e9 difficile pour cr\u00e9er de la marge\u00a0\u00bb,<\/em> explique Pierre-Alexandre Billiet. \u00ab\u00a0<em>Cr\u00e9er de la couveture et de l&rsquo;enthousiasme aux Pays-Bas n&rsquo;est pas un probl\u00e8me, mais lorsqu&rsquo;ils doivent passer \u00e0 la caisse, c&rsquo;est g\u00e9n\u00e9ralement une autre histoire. \u00c0 un certain moment, cela devient alors une sorte de croyance calviniste en le prix le plus bas.\u00a0\u00bb<\/em><\/p>\n<a href=\"https:\/\/www.mediaspecs.be\/wp-content\/uploads\/2018\/01\/GP-1.jpg\"><img loading=\"lazy\" decoding=\"async\" class=\"aligncenter wp-image-180591 size-full\" src=\"https:\/\/www.mediaspecs.be\/wp-content\/uploads\/2018\/01\/GP-1-e1627633413341.jpg\" alt=\"\" width=\"1667\" height=\"991\" srcset=\"https:\/\/www.mediaspecs.be\/wp-content\/uploads\/2018\/01\/GP-1-e1627633413341.jpg 1667w, https:\/\/www.mediaspecs.be\/wp-content\/uploads\/2018\/01\/GP-1-e1627633413341-185x110.jpg 185w, https:\/\/www.mediaspecs.be\/wp-content\/uploads\/2018\/01\/GP-1-e1627633413341-768x457.jpg 768w, https:\/\/www.mediaspecs.be\/wp-content\/uploads\/2018\/01\/GP-1-e1627633413341-1536x913.jpg 1536w, https:\/\/www.mediaspecs.be\/wp-content\/uploads\/2018\/01\/GP-1-e1627633413341-88x52.jpg 88w, https:\/\/www.mediaspecs.be\/wp-content\/uploads\/2018\/01\/GP-1-e1627633413341-300x178.jpg 300w, https:\/\/www.mediaspecs.be\/wp-content\/uploads\/2018\/01\/GP-1-e1627633413341-1024x609.jpg 1024w\" sizes=\"auto, (max-width: 1667px) 100vw, 1667px\" \/><\/a>\n<h3><strong>Gondola People, parce que \u00ab\u00a0il y a un probl\u00e8me avec l&rsquo;image du retail\u00a0\u00bb<\/strong><\/h3>\n<p><em>\u00ab\u00a0Gr\u00e2ce au Covid, nous avons constat\u00e9 que les experts, la task force avaient tr\u00e8s vite une opinion, mais qu&rsquo;il y avait tr\u00e8s peu de faits et de chiffres. En Belgique, la Banque Nationale, Nielsen, KBC, etc. disposent de donn\u00e9es de premier ordre. L&rsquo;intuition, surtout en temps de crise, ne correspond pas toujours \u00e0 la r\u00e9alit\u00e9. Il est donc bon de s&rsquo;appuyer sur des chiffres de temps en temps. \u00c0 cause de la crise, beaucoup de gens veulent changer, doivent changer. Et c&rsquo;est pourquoi nous avons lanc\u00e9 <strong>Gondola People<\/strong>, depuis janvier.\u00a0\u00bb<\/em><\/p>\n<blockquote><p><strong><span style=\"color: #333399;\"><em>\u00ab\u00a0Gondola People est une plateforme et ce que nous faisons, c&rsquo;est du matchmaking. Les entreprises doivent r\u00e9pondre \u00e0 une question sur leur profilage, les candidats aussi. De cette fa\u00e7on, il y aura une correspondance plus rapide\u00a0\u00bb<\/em><\/span><\/strong><\/p><\/blockquote>\n<p><em>\u00ab\u00a0Le secteur du retail est paradoxalement de moins en moins sexy\u00a0\u00bb<\/em>, d\u00e9clare Pierre-Alexandre Billiet. Alors que les entreprises de distribution recevaient un nombre X de candidatures spontan\u00e9es jusqu&rsquo;en 2020, elles n&rsquo;en re\u00e7oivent plus que la moiti\u00e9. <em>\u00ab\u00a0<strong>Il y a un probl\u00e8me avec l&rsquo;image du retail<\/strong>. Il en va de m\u00eame pour les marques. Quelque chose est en train de changer fondamentalement\u00a0\u00bb,<\/em> dit-il. <em>\u00ab\u00a0Certaines personnes sont devenues mentalement anti-consommatrices et les emplois dans le retail leur plaisent donc moins. Pour d&rsquo;autres personnes, le commerce de d\u00e9tail n&rsquo;est tout simplement pas familier. Et d&rsquo;autres secteurs commencent \u00e0 devenir si dynamiques que la concurrence devient plus difficile. D&rsquo;o\u00f9 Gondola People, avec <strong>potentiellement 700 000 emplois<\/strong>.\u00a0\u00bb<\/em><\/p>\n<a href=\"https:\/\/www.mediaspecs.be\/wp-content\/uploads\/2018\/01\/Media-1.png\"><img loading=\"lazy\" decoding=\"async\" class=\"aligncenter wp-image-180603 size-full\" src=\"https:\/\/www.mediaspecs.be\/wp-content\/uploads\/2018\/01\/Media-1-e1627634308759.png\" alt=\"\" width=\"1667\" height=\"812\" srcset=\"https:\/\/www.mediaspecs.be\/wp-content\/uploads\/2018\/01\/Media-1-e1627634308759.png 1667w, https:\/\/www.mediaspecs.be\/wp-content\/uploads\/2018\/01\/Media-1-e1627634308759-185x90.png 185w, https:\/\/www.mediaspecs.be\/wp-content\/uploads\/2018\/01\/Media-1-e1627634308759-768x374.png 768w, https:\/\/www.mediaspecs.be\/wp-content\/uploads\/2018\/01\/Media-1-e1627634308759-1536x748.png 1536w, https:\/\/www.mediaspecs.be\/wp-content\/uploads\/2018\/01\/Media-1-e1627634308759-88x43.png 88w, https:\/\/www.mediaspecs.be\/wp-content\/uploads\/2018\/01\/Media-1-e1627634308759-300x146.png 300w, https:\/\/www.mediaspecs.be\/wp-content\/uploads\/2018\/01\/Media-1-e1627634308759-1024x499.png 1024w\" sizes=\"auto, (max-width: 1667px) 100vw, 1667px\" \/><\/a>\n<h3><strong>\u00ab\u00a0Le BtoB n&rsquo;est pas l&rsquo;outsider, mais le sp\u00e9cialiste\u00a0\u00bb<\/strong><\/h3>\n<p><strong>Comment les sp\u00e9cialistes des m\u00e9dias voient-ils le BtoB ?<\/strong> C&rsquo;est une question que se pose Pierre-Alexandre Billiet. <em>\u00ab\u00a0Pour nous, l&rsquo;objectif n&rsquo;est pas que BtoB soit l&rsquo;outsider, mais le sp\u00e9cialiste.\u00a0\u00bb<\/em><\/p>\n<p><em>\u00ab Lorsque j&rsquo;ai commenc\u00e9 dans le secteur, un journaliste BtoB \u00e9tait un alcoolique inv\u00e9t\u00e9r\u00e9, une personne ayant de graves probl\u00e8mes ou un journaliste rat\u00e9 qui fait au moins deux fautes d&rsquo;orthographe\u00a0par phrase. C&rsquo;\u00e9tait comme \u00e7a. Ce n&rsquo;est qu&rsquo;ensuite que vous entrez dans le BtoB\u00a0\u00bb<\/em>, explique le CEO du st\u00e9r\u00e9otype BtoB. Et une fois qu&rsquo;une telle image d\u00e9form\u00e9e s&rsquo;installe dans la soci\u00e9t\u00e9, <em>\u00ab\u00a0il n&rsquo;est pas facile de transformer les BtoB en <strong>experts sp\u00e9cialis\u00e9s<\/strong>\u00ab\u00a0.<\/em> Pour Pierre-Alexandre Billiet, les experts sp\u00e9cialis\u00e9s sont \u00ab\u00a0<em>des personnes qui apportent une r\u00e9elle valeur ajout\u00e9e, comme nous le faisons ici avec les chiffres\u00a0\u00bb.<\/em> Chez Gondola, l&rsquo;image poussi\u00e9reuse du BtoB a \u00e9t\u00e9 d\u00e9poussi\u00e9r\u00e9 et la soci\u00e9t\u00e9 s&rsquo;est associ\u00e9 \u00e0 des experts qui font appel \u00e0 l&rsquo;imagination. <em>\u00ab\u00a0<strong>Silvie<\/strong> (<strong>Vanhout<\/strong>, Managing Partner, ndlr ) est aussi une experte, Nielsen par exemple : des personnes avec une expertise vraiment top\u00a0\u00bb<\/em>.<\/p>\n<blockquote><p><strong><span style=\"color: #333399;\"><em>\u00ab\u00a0Les profils chez Gondola : des \u00e9conomistes, des financiers, etc. Faire venir des Vlerick boys dans le BtoB : c&rsquo;est la prochaine \u00e9tape. L&rsquo;image du BtoB reste poussi\u00e9reuse, notamment aupr\u00e8s des journalistes. Et le gouvernement ne fait absolument rien \u00e0 ce sujet non plus\u00a0\u00bb<\/em><\/span><\/strong><\/p><\/blockquote>\n<h3><strong>BtoC et BtoB : une question d&rsquo;\u00e9chelle et de p\u00e9n\u00e9tration<\/strong><\/h3>\n<p><em>\u00ab\u00a0En tant qu&rsquo;entreprise BtoB, nous croyons fermement \u00e0 la <strong>personnalisation<\/strong> et cette personnalisation doit \u00eatre beaucoup plus profonde et pr\u00e9cise, les <strong>tools<\/strong> doivent donc \u00eatre beaucoup plus efficaces qu&rsquo;en BtoC, o\u00f9 le reach est de toute fa\u00e7on plus grand et o\u00f9 vous commencez avec une base plus grande comme funnel. En BtoB, la base est d\u00e9j\u00e0 beaucoup plus petite, il faut donc aller tr\u00e8s vite en profondeur.\u00a0\u00bb<\/em><\/p>\n<p>Selon Pierre-Alexandre Billiet, le BtoB gagnerait \u00e0 <strong>mutualiser<\/strong> certains <strong>investissements<\/strong> : <em>\u00ab\u00a0Nous investissons plusieurs centaines de milliers d&rsquo;euros chaque ann\u00e9e dans la num\u00e9risation des processus. Quelle PME peut faire cela ? C&rsquo;est beaucoup d&rsquo;argent, alors je dirais : mettons-le en commun quelque part, car tout le monde en a besoin. Si nous avons besoin d&rsquo;un syst\u00e8me de CRM, alors tout le monde peut l&rsquo;utiliser\u00a0\u00bb.<\/em><\/p>\n<div id=\"attachment_180597\" style=\"width: 1742px\" class=\"wp-caption aligncenter\"><a href=\"https:\/\/www.mediaspecs.be\/wp-content\/uploads\/2018\/01\/Gondola-Academy.jpg\"><img loading=\"lazy\" decoding=\"async\" aria-describedby=\"caption-attachment-180597\" class=\"wp-image-180597 size-full\" src=\"https:\/\/www.mediaspecs.be\/wp-content\/uploads\/2018\/01\/Gondola-Academy.jpg\" alt=\"\" width=\"1732\" height=\"564\" srcset=\"https:\/\/www.mediaspecs.be\/wp-content\/uploads\/2018\/01\/Gondola-Academy.jpg 1732w, https:\/\/www.mediaspecs.be\/wp-content\/uploads\/2018\/01\/Gondola-Academy-185x60.jpg 185w, https:\/\/www.mediaspecs.be\/wp-content\/uploads\/2018\/01\/Gondola-Academy-768x250.jpg 768w, https:\/\/www.mediaspecs.be\/wp-content\/uploads\/2018\/01\/Gondola-Academy-1536x500.jpg 1536w, https:\/\/www.mediaspecs.be\/wp-content\/uploads\/2018\/01\/Gondola-Academy-88x29.jpg 88w\" sizes=\"auto, (max-width: 1732px) 100vw, 1732px\" \/><\/a><p id=\"caption-attachment-180597\" class=\"wp-caption-text\">Par le biais de la Gondola Academy, Gondola souhaite \u00ab vous soutenir au mieux dans votre transition de l&rsquo;ancienne \u00e0 la nouvelle consommation, que vous soyez retailer, fabricant ou prestataire de services \u00bb.<\/p><\/div>\n<p><em>\u00ab\u00a0Si je compare avec l&rsquo;\u00e9tranger, en Belgique, nous avons g\u00e9n\u00e9ralement un tr\u00e8s bon niveau de BtoB. Il existe de tr\u00e8s bonnes entreprises. Mais \u00e0 cause de <strong>l&rsquo;\u00e9chelle<\/strong>, il y a aussi beaucoup d&rsquo;entreprises qui vont r\u00e9duire leurs investissements, ou qui sont reprises\u00a0\u00bb<\/em>, explique Pierre-Alexandre Billiet. <em>\u00ab\u00a0Si je regarde <strong>Mediahuis<\/strong> ou <strong>DPG<\/strong> &#8211; je pense que ce sont les bons exemples : ils investissent pour ce long terme. Ils mettent constamment la barre plus haut\u00a0\u00bb.<\/em><\/p>\n<p><em>\u00ab\u00a0Nous pourrions cr\u00e9er des b\u00e9n\u00e9fices \u00e0 plus large \u00e9chelle demain, mais la question est \u2018Dans quelle mesure est-ce durable ?\u2019. Surtout en BtoB. Les investisseurs sont moins enthousiastes \u00e0 l&rsquo;\u00e9gard du BtoB.\u00a0\u00bb<\/em> Ce n&rsquo;est pas au niveau de l&rsquo;\u00e9chelle que r\u00e9side la force absolue de BtoB. Elle est ailleurs : <em>\u00ab\u00a0Si les gens comprennent ce qu&rsquo;est la <strong>force de p\u00e9n\u00e9tration<\/strong> des m\u00e9dias BtoB&#8230; C&rsquo;est souvent sans pr\u00e9c\u00e9dent ou moins bien connu des maisons de communication ou des m\u00e9dias, mais notre p\u00e9n\u00e9tration dans notre groupe cible est \u00e9norme. Nous connaissons les gens presque par c\u0153ur. L\u00e0 repose la diff\u00e9rence.\u00a0\u00bb<\/em><\/p>\n<h3><strong>Le client se soucie de la connaissance, et, par cons\u00e9quent, les agences m\u00e9dia aussi ?<\/strong><\/h3>\n<p><em>\u00ab\u00a0Qu&rsquo;elles puissent mieux travailler avec un magazine BtoB\u00a0\u00bb<\/em>, voil\u00e0 ce que Pierre-Alexandre Billiet aimerait voir de la part <strong>des agences m\u00e9dia<\/strong>. <em>\u00ab\u00a0Et qu&rsquo;elles voient que leurs clients peuvent parfaitement travailler avec nous. Il en va de m\u00eame pour les grands \u00e9v\u00e9nements : la connaissance. Nous constatons qu&rsquo;il y a de moins en moins d&rsquo;int\u00e9r\u00eat pour les <strong>connaissances fondamentales<\/strong>. Ce sur quoi leur client reste \u00e9veill\u00e9, les agences doivent aussi le rester.\u00a0\u00bb<\/em><\/p>\n<blockquote><p><strong><em><span style=\"color: #333399;\">\u00ab\u00a0Les parts de march\u00e9 des retailers sont un exemple \u00e9loquent : les retailers et les marques se battent pour cela, ils d\u00e9crochent au t\u00e9l\u00e9phone, cela sert dans les n\u00e9gociations. C&rsquo;est ce qui est utilis\u00e9 comme document officiel. Les agences m\u00e9dias &#8211; bien que cela soit essentiel pour leurs clients et m\u00eame existentiel pour certaines d&rsquo;entre eux &#8211; n&rsquo;en prennent pas compte\u00a0\u00bb<\/span><\/em><\/strong><\/p><\/blockquote>\n<p>\u00ab\u00a0Nous ne recevons pratiquement jamais de <strong>demandes d&rsquo;informations<\/strong> de la part des agences m\u00e9dia concernant les parts de march\u00e9, y compris pour les produits FMCG par exemple. Les FMCG donnent les tendances en pourcentages. Nous avons des formations sur la tarification et des formations sur la promotion ; ce sont des formations exclusives sur la tarification, la promotion, les strat\u00e9gies promotionnelles. Les agences m\u00e9dia ne sont pas concern\u00e9es par cela.\u00a0\u00bb<\/p>\n<div id=\"attachment_180600\" style=\"width: 1822px\" class=\"wp-caption aligncenter\"><a href=\"https:\/\/www.mediaspecs.be\/wp-content\/uploads\/2018\/01\/Gondola-Day-Gala-beide-Gondola-Society.jpg\"><img loading=\"lazy\" decoding=\"async\" aria-describedby=\"caption-attachment-180600\" class=\"wp-image-180600 size-full\" src=\"https:\/\/www.mediaspecs.be\/wp-content\/uploads\/2018\/01\/Gondola-Day-Gala-beide-Gondola-Society.jpg\" alt=\"\" width=\"1812\" height=\"598\" srcset=\"https:\/\/www.mediaspecs.be\/wp-content\/uploads\/2018\/01\/Gondola-Day-Gala-beide-Gondola-Society.jpg 1812w, https:\/\/www.mediaspecs.be\/wp-content\/uploads\/2018\/01\/Gondola-Day-Gala-beide-Gondola-Society-185x61.jpg 185w, https:\/\/www.mediaspecs.be\/wp-content\/uploads\/2018\/01\/Gondola-Day-Gala-beide-Gondola-Society-768x253.jpg 768w, https:\/\/www.mediaspecs.be\/wp-content\/uploads\/2018\/01\/Gondola-Day-Gala-beide-Gondola-Society-1536x507.jpg 1536w, https:\/\/www.mediaspecs.be\/wp-content\/uploads\/2018\/01\/Gondola-Day-Gala-beide-Gondola-Society-88x29.jpg 88w\" sizes=\"auto, (max-width: 1812px) 100vw, 1812px\" \/><\/a><p id=\"caption-attachment-180600\" class=\"wp-caption-text\">A gauche : Gondola Day. A droite : Gala Night. Les deux sont organis\u00e9s par Gondola Society.<\/p><\/div>\n<p>Alors, qui le CEO de Gondola s&rsquo;attend-il \u00e0 voir lors de ses \u00e9v\u00e9nements ? <em>\u00ab\u00a0Les personnes qui s&rsquo;occupent de<strong> strat\u00e9gie<\/strong>, les CEO d&rsquo;<strong>agences<\/strong>, voire les <strong>media buyers<\/strong> en personne. Il y a l&rsquo;aspect technique, mais on apprend aussi \u00e0 conna\u00eetre le paysage dans lequel les choses \u00e9voluent, comment tout cela fonctionne. En septembre, nous lan\u00e7ons une formation en communication avec l&rsquo;ancien porte-parole de Carrefour (Baptiste van Outryve) et l&rsquo;ancien porte-parole mondial du groupe Delhaize (Nicolas Van Hoecke). De nombreux retailers et marques s&rsquo;inscrivent.\u00a0\u00bb<\/em><\/p>\n<blockquote><p><strong><span style=\"color: #333399;\"><em>\u00ab\u00a0C&rsquo;est quelque chose qui m&rsquo;interpelle : que pour le secteur le plus important &#8211; le commerce de d\u00e9tail et la consommation &#8211; il y ait si peu de demande de connaissances de la part des agences m\u00e9dia. Si elles se d\u00e9finissent vraiment comme des gens de data et d&rsquo;intelligence : nous avons les data, ils ont l&rsquo;intelligence. Nous sommes la plateforme de connaissances pour le retail et les biens de consommation\u00a0\u00bb<\/em><\/span><\/strong><\/p><\/blockquote>\n<p><em>\u00ab\u00a0Je pense que c&rsquo;est un probl\u00e8me de perception. Souvent, ces personnes ont plus de 30 \u00e0 35 ans et elles ont encore cette <strong>perception du BtoB comme des marchands avides de magazines sp\u00e9cialis\u00e9s<\/strong>\u00ab\u00a0<\/em>, soup\u00e7onne Pierre-Alexandre Billiet. Alors, une fois pour toutes : pas de poussi\u00e8re ni de toiles d&rsquo;araign\u00e9e chez le CEO. Gondola est une plateforme de connaissances tr\u00e8s organis\u00e9e.<\/p>\n<p><strong>Le 23 septembre, Gondola organise son Gondola Day annuel, toujours au Kinepolis Imagibraine. Pour en savoir plus sur l&rsquo;\u00e9v\u00e9nement, <a href=\"https:\/\/www.mediaspecs.be\/fr\/agenda\/gondola-day-2021\/\">rendez-vous dans notre Agenda MediaSpecs<\/a>.<\/strong><\/p>\n<p><a href=\"https:\/\/database.mediaspecs.be\/database\/#search\/medium\/searchTerms=gondola?_searchterms=gondola\"><em><strong>Tous les produits publicitaires de Gondola avec les informations sur les tarifs publicitaires et les coordonn\u00e9es de contact peuvent \u00eatre consult\u00e9s dans notre base de donn\u00e9es.<\/strong><\/em><\/a><\/p>\n<div id=\"attachment_180594\" style=\"width: 1290px\" class=\"wp-caption aligncenter\"><a href=\"https:\/\/www.mediaspecs.be\/wp-content\/uploads\/2018\/01\/PA.jpeg\"><img loading=\"lazy\" decoding=\"async\" aria-describedby=\"caption-attachment-180594\" class=\"wp-image-180594 size-full\" src=\"https:\/\/www.mediaspecs.be\/wp-content\/uploads\/2018\/01\/PA.jpeg\" alt=\"\" width=\"1280\" height=\"720\" srcset=\"https:\/\/www.mediaspecs.be\/wp-content\/uploads\/2018\/01\/PA.jpeg 1280w, https:\/\/www.mediaspecs.be\/wp-content\/uploads\/2018\/01\/PA-185x104.jpeg 185w, https:\/\/www.mediaspecs.be\/wp-content\/uploads\/2018\/01\/PA-768x432.jpeg 768w, https:\/\/www.mediaspecs.be\/wp-content\/uploads\/2018\/01\/PA-88x50.jpeg 88w\" sizes=\"auto, (max-width: 1280px) 100vw, 1280px\" \/><\/a><p id=\"caption-attachment-180594\" class=\"wp-caption-text\">Pierre-Alexandre Billiet au ch\u00e2teau de Beaulieu \u00e0 Machelen, o\u00f9 se trouve Gondola.<\/p><\/div>\n","protected":false},"excerpt":{"rendered":"<p>Les \u00e9diteurs de m\u00e9dias BtoB empruntent des voies modernes. Gondola aussi. Nous avons discut\u00e9 avec le CEO Pierre-Alexandre Billiet de la mani\u00e8re dont Gondola est devenu un centre de connaissances avec magazine, Academy, Society, People et plus encore.<\/p>\n","protected":false},"author":25,"featured_media":180552,"comment_status":"closed","ping_status":"closed","sticky":false,"template":"","format":"standard","meta":{"_acf_changed":false,"_monsterinsights_skip_tracking":false,"_monsterinsights_sitenote_active":false,"_monsterinsights_sitenote_note":"","_monsterinsights_sitenote_category":0,"footnotes":""},"categories":[6706,25,24],"tags":[9089,12582,17096],"class_list":["post-180320","post","type-post","status-publish","format-standard","has-post-thumbnail","hentry","category-featured-fr","category-media-fr","category-people-fr","tag-gondola-fr","tag-mediaspecs-summer-interview-fr","tag-pierre-alexandre-billiet-fr"],"acf":[],"yoast_head":"<!-- This site is optimized with the Yoast SEO plugin v26.8 - https:\/\/yoast.com\/product\/yoast-seo-wordpress\/ -->\n<title>MediaSpecs Summer Interview 5\/9 - Gondola : un centre de connaissances comme nouveau business model pour la presse sp\u00e9cialis\u00e9e. Pierre-Alexandre Billiet, CEO, raconte<\/title>\n<meta name=\"robots\" content=\"index, follow, max-snippet:-1, max-image-preview:large, max-video-preview:-1\" \/>\n<link rel=\"canonical\" href=\"https:\/\/www.mediaspecs.be\/fr\/mediaspecs-summer-interview-5-9-gondola-un-centre-de-connaissances-comme-nouveau-business-model-pour-la-presse-specialisee-pierre-alexandre-billiet-ceo-raconte\/\" \/>\n<meta property=\"og:locale\" content=\"fr_FR\" \/>\n<meta property=\"og:type\" content=\"article\" \/>\n<meta property=\"og:title\" content=\"MediaSpecs Summer Interview 5\/9 - Gondola : un centre de connaissances comme nouveau business model pour la presse sp\u00e9cialis\u00e9e. Pierre-Alexandre Billiet, CEO, raconte\" \/>\n<meta property=\"og:description\" content=\"Les \u00e9diteurs de m\u00e9dias BtoB empruntent des voies modernes. Gondola aussi. Nous avons discut\u00e9 avec le CEO Pierre-Alexandre Billiet de la mani\u00e8re dont Gondola est devenu un centre de connaissances avec magazine, Academy, Society, People et plus encore.\" \/>\n<meta property=\"og:url\" content=\"https:\/\/www.mediaspecs.be\/fr\/mediaspecs-summer-interview-5-9-gondola-un-centre-de-connaissances-comme-nouveau-business-model-pour-la-presse-specialisee-pierre-alexandre-billiet-ceo-raconte\/\" \/>\n<meta property=\"og:site_name\" content=\"MediaSpecs\" \/>\n<meta property=\"article:published_time\" content=\"2021-07-30T08:00:34+00:00\" \/>\n<meta property=\"article:modified_time\" content=\"2021-07-30T10:38:24+00:00\" \/>\n<meta property=\"og:image\" content=\"https:\/\/www.mediaspecs.be\/wp-content\/uploads\/2018\/01\/Pierre-Alexandre-Billiet-square.jpg\" \/>\n\t<meta property=\"og:image:width\" content=\"1044\" \/>\n\t<meta property=\"og:image:height\" content=\"1044\" \/>\n\t<meta property=\"og:image:type\" content=\"image\/jpeg\" \/>\n<meta name=\"author\" content=\"Line\" \/>\n<meta name=\"twitter:card\" content=\"summary_large_image\" \/>\n<meta name=\"twitter:label1\" content=\"\u00c9crit par\" \/>\n\t<meta name=\"twitter:data1\" content=\"Line\" \/>\n\t<meta name=\"twitter:label2\" content=\"Dur\u00e9e de lecture estim\u00e9e\" \/>\n\t<meta name=\"twitter:data2\" content=\"11 minutes\" \/>\n<script type=\"application\/ld+json\" class=\"yoast-schema-graph\">{\"@context\":\"https:\/\/schema.org\",\"@graph\":[{\"@type\":\"Article\",\"@id\":\"https:\/\/www.mediaspecs.be\/fr\/mediaspecs-summer-interview-5-9-gondola-un-centre-de-connaissances-comme-nouveau-business-model-pour-la-presse-specialisee-pierre-alexandre-billiet-ceo-raconte\/#article\",\"isPartOf\":{\"@id\":\"https:\/\/www.mediaspecs.be\/fr\/mediaspecs-summer-interview-5-9-gondola-un-centre-de-connaissances-comme-nouveau-business-model-pour-la-presse-specialisee-pierre-alexandre-billiet-ceo-raconte\/\"},\"author\":{\"name\":\"Line\",\"@id\":\"https:\/\/www.mediaspecs.be\/#\/schema\/person\/74749a255985d200753aae85644632f2\"},\"headline\":\"MediaSpecs Summer Interview 5\/9 &#8211; Gondola : un centre de connaissances comme nouveau business model pour la presse sp\u00e9cialis\u00e9e. Pierre-Alexandre Billiet, CEO, raconte\",\"datePublished\":\"2021-07-30T08:00:34+00:00\",\"dateModified\":\"2021-07-30T10:38:24+00:00\",\"mainEntityOfPage\":{\"@id\":\"https:\/\/www.mediaspecs.be\/fr\/mediaspecs-summer-interview-5-9-gondola-un-centre-de-connaissances-comme-nouveau-business-model-pour-la-presse-specialisee-pierre-alexandre-billiet-ceo-raconte\/\"},\"wordCount\":2245,\"image\":{\"@id\":\"https:\/\/www.mediaspecs.be\/fr\/mediaspecs-summer-interview-5-9-gondola-un-centre-de-connaissances-comme-nouveau-business-model-pour-la-presse-specialisee-pierre-alexandre-billiet-ceo-raconte\/#primaryimage\"},\"thumbnailUrl\":\"https:\/\/www.mediaspecs.be\/wp-content\/uploads\/2018\/01\/Pierre-Alexandre-Billiet-square.jpg\",\"keywords\":[\"Gondola\",\"MediaSpecs Summer Interview\",\"Pierre-Alexandre Billiet\"],\"articleSection\":[\"Featured\",\"Media - fr\",\"People - fr\"],\"inLanguage\":\"fr-FR\"},{\"@type\":\"WebPage\",\"@id\":\"https:\/\/www.mediaspecs.be\/fr\/mediaspecs-summer-interview-5-9-gondola-un-centre-de-connaissances-comme-nouveau-business-model-pour-la-presse-specialisee-pierre-alexandre-billiet-ceo-raconte\/\",\"url\":\"https:\/\/www.mediaspecs.be\/fr\/mediaspecs-summer-interview-5-9-gondola-un-centre-de-connaissances-comme-nouveau-business-model-pour-la-presse-specialisee-pierre-alexandre-billiet-ceo-raconte\/\",\"name\":\"MediaSpecs Summer Interview 5\/9 - Gondola : un centre de connaissances comme nouveau business model pour la presse sp\u00e9cialis\u00e9e. Pierre-Alexandre Billiet, CEO, raconte\",\"isPartOf\":{\"@id\":\"https:\/\/www.mediaspecs.be\/#website\"},\"primaryImageOfPage\":{\"@id\":\"https:\/\/www.mediaspecs.be\/fr\/mediaspecs-summer-interview-5-9-gondola-un-centre-de-connaissances-comme-nouveau-business-model-pour-la-presse-specialisee-pierre-alexandre-billiet-ceo-raconte\/#primaryimage\"},\"image\":{\"@id\":\"https:\/\/www.mediaspecs.be\/fr\/mediaspecs-summer-interview-5-9-gondola-un-centre-de-connaissances-comme-nouveau-business-model-pour-la-presse-specialisee-pierre-alexandre-billiet-ceo-raconte\/#primaryimage\"},\"thumbnailUrl\":\"https:\/\/www.mediaspecs.be\/wp-content\/uploads\/2018\/01\/Pierre-Alexandre-Billiet-square.jpg\",\"datePublished\":\"2021-07-30T08:00:34+00:00\",\"dateModified\":\"2021-07-30T10:38:24+00:00\",\"author\":{\"@id\":\"https:\/\/www.mediaspecs.be\/#\/schema\/person\/74749a255985d200753aae85644632f2\"},\"breadcrumb\":{\"@id\":\"https:\/\/www.mediaspecs.be\/fr\/mediaspecs-summer-interview-5-9-gondola-un-centre-de-connaissances-comme-nouveau-business-model-pour-la-presse-specialisee-pierre-alexandre-billiet-ceo-raconte\/#breadcrumb\"},\"inLanguage\":\"fr-FR\",\"potentialAction\":[{\"@type\":\"ReadAction\",\"target\":[\"https:\/\/www.mediaspecs.be\/fr\/mediaspecs-summer-interview-5-9-gondola-un-centre-de-connaissances-comme-nouveau-business-model-pour-la-presse-specialisee-pierre-alexandre-billiet-ceo-raconte\/\"]}]},{\"@type\":\"ImageObject\",\"inLanguage\":\"fr-FR\",\"@id\":\"https:\/\/www.mediaspecs.be\/fr\/mediaspecs-summer-interview-5-9-gondola-un-centre-de-connaissances-comme-nouveau-business-model-pour-la-presse-specialisee-pierre-alexandre-billiet-ceo-raconte\/#primaryimage\",\"url\":\"https:\/\/www.mediaspecs.be\/wp-content\/uploads\/2018\/01\/Pierre-Alexandre-Billiet-square.jpg\",\"contentUrl\":\"https:\/\/www.mediaspecs.be\/wp-content\/uploads\/2018\/01\/Pierre-Alexandre-Billiet-square.jpg\",\"width\":1044,\"height\":1044},{\"@type\":\"BreadcrumbList\",\"@id\":\"https:\/\/www.mediaspecs.be\/fr\/mediaspecs-summer-interview-5-9-gondola-un-centre-de-connaissances-comme-nouveau-business-model-pour-la-presse-specialisee-pierre-alexandre-billiet-ceo-raconte\/#breadcrumb\",\"itemListElement\":[{\"@type\":\"ListItem\",\"position\":1,\"name\":\"Home\",\"item\":\"https:\/\/www.mediaspecs.be\/fr\/\"},{\"@type\":\"ListItem\",\"position\":2,\"name\":\"MediaSpecs Summer Interview 5\/9 &#8211; Gondola : un centre de connaissances comme nouveau business model pour la presse sp\u00e9cialis\u00e9e. Pierre-Alexandre Billiet, CEO, raconte\"}]},{\"@type\":\"WebSite\",\"@id\":\"https:\/\/www.mediaspecs.be\/#website\",\"url\":\"https:\/\/www.mediaspecs.be\/\",\"name\":\"MediaSpecs\",\"description\":\"\",\"potentialAction\":[{\"@type\":\"SearchAction\",\"target\":{\"@type\":\"EntryPoint\",\"urlTemplate\":\"https:\/\/www.mediaspecs.be\/?s={search_term_string}\"},\"query-input\":{\"@type\":\"PropertyValueSpecification\",\"valueRequired\":true,\"valueName\":\"search_term_string\"}}],\"inLanguage\":\"fr-FR\"},{\"@type\":\"Person\",\"@id\":\"https:\/\/www.mediaspecs.be\/#\/schema\/person\/74749a255985d200753aae85644632f2\",\"name\":\"Line\",\"image\":{\"@type\":\"ImageObject\",\"inLanguage\":\"fr-FR\",\"@id\":\"https:\/\/www.mediaspecs.be\/#\/schema\/person\/image\/\",\"url\":\"https:\/\/secure.gravatar.com\/avatar\/355ad87feaddece6a7457563a81b9c95?s=96&d=mm&r=g\",\"contentUrl\":\"https:\/\/secure.gravatar.com\/avatar\/355ad87feaddece6a7457563a81b9c95?s=96&d=mm&r=g\",\"caption\":\"Line\"}}]}<\/script>\n<!-- \/ Yoast SEO plugin. -->","yoast_head_json":{"title":"MediaSpecs Summer Interview 5\/9 - Gondola : un centre de connaissances comme nouveau business model pour la presse sp\u00e9cialis\u00e9e. Pierre-Alexandre Billiet, CEO, raconte","robots":{"index":"index","follow":"follow","max-snippet":"max-snippet:-1","max-image-preview":"max-image-preview:large","max-video-preview":"max-video-preview:-1"},"canonical":"https:\/\/www.mediaspecs.be\/fr\/mediaspecs-summer-interview-5-9-gondola-un-centre-de-connaissances-comme-nouveau-business-model-pour-la-presse-specialisee-pierre-alexandre-billiet-ceo-raconte\/","og_locale":"fr_FR","og_type":"article","og_title":"MediaSpecs Summer Interview 5\/9 - Gondola : un centre de connaissances comme nouveau business model pour la presse sp\u00e9cialis\u00e9e. Pierre-Alexandre Billiet, CEO, raconte","og_description":"Les \u00e9diteurs de m\u00e9dias BtoB empruntent des voies modernes. Gondola aussi. Nous avons discut\u00e9 avec le CEO Pierre-Alexandre Billiet de la mani\u00e8re dont Gondola est devenu un centre de connaissances avec magazine, Academy, Society, People et plus encore.","og_url":"https:\/\/www.mediaspecs.be\/fr\/mediaspecs-summer-interview-5-9-gondola-un-centre-de-connaissances-comme-nouveau-business-model-pour-la-presse-specialisee-pierre-alexandre-billiet-ceo-raconte\/","og_site_name":"MediaSpecs","article_published_time":"2021-07-30T08:00:34+00:00","article_modified_time":"2021-07-30T10:38:24+00:00","og_image":[{"width":1044,"height":1044,"url":"https:\/\/www.mediaspecs.be\/wp-content\/uploads\/2018\/01\/Pierre-Alexandre-Billiet-square.jpg","type":"image\/jpeg"}],"author":"Line","twitter_card":"summary_large_image","twitter_misc":{"\u00c9crit par":"Line","Dur\u00e9e de lecture estim\u00e9e":"11 minutes"},"schema":{"@context":"https:\/\/schema.org","@graph":[{"@type":"Article","@id":"https:\/\/www.mediaspecs.be\/fr\/mediaspecs-summer-interview-5-9-gondola-un-centre-de-connaissances-comme-nouveau-business-model-pour-la-presse-specialisee-pierre-alexandre-billiet-ceo-raconte\/#article","isPartOf":{"@id":"https:\/\/www.mediaspecs.be\/fr\/mediaspecs-summer-interview-5-9-gondola-un-centre-de-connaissances-comme-nouveau-business-model-pour-la-presse-specialisee-pierre-alexandre-billiet-ceo-raconte\/"},"author":{"name":"Line","@id":"https:\/\/www.mediaspecs.be\/#\/schema\/person\/74749a255985d200753aae85644632f2"},"headline":"MediaSpecs Summer Interview 5\/9 &#8211; Gondola : un centre de connaissances comme nouveau business model pour la presse sp\u00e9cialis\u00e9e. Pierre-Alexandre Billiet, CEO, raconte","datePublished":"2021-07-30T08:00:34+00:00","dateModified":"2021-07-30T10:38:24+00:00","mainEntityOfPage":{"@id":"https:\/\/www.mediaspecs.be\/fr\/mediaspecs-summer-interview-5-9-gondola-un-centre-de-connaissances-comme-nouveau-business-model-pour-la-presse-specialisee-pierre-alexandre-billiet-ceo-raconte\/"},"wordCount":2245,"image":{"@id":"https:\/\/www.mediaspecs.be\/fr\/mediaspecs-summer-interview-5-9-gondola-un-centre-de-connaissances-comme-nouveau-business-model-pour-la-presse-specialisee-pierre-alexandre-billiet-ceo-raconte\/#primaryimage"},"thumbnailUrl":"https:\/\/www.mediaspecs.be\/wp-content\/uploads\/2018\/01\/Pierre-Alexandre-Billiet-square.jpg","keywords":["Gondola","MediaSpecs Summer Interview","Pierre-Alexandre Billiet"],"articleSection":["Featured","Media - fr","People - fr"],"inLanguage":"fr-FR"},{"@type":"WebPage","@id":"https:\/\/www.mediaspecs.be\/fr\/mediaspecs-summer-interview-5-9-gondola-un-centre-de-connaissances-comme-nouveau-business-model-pour-la-presse-specialisee-pierre-alexandre-billiet-ceo-raconte\/","url":"https:\/\/www.mediaspecs.be\/fr\/mediaspecs-summer-interview-5-9-gondola-un-centre-de-connaissances-comme-nouveau-business-model-pour-la-presse-specialisee-pierre-alexandre-billiet-ceo-raconte\/","name":"MediaSpecs Summer Interview 5\/9 - Gondola : un centre de connaissances comme nouveau business model pour la presse sp\u00e9cialis\u00e9e. Pierre-Alexandre Billiet, CEO, raconte","isPartOf":{"@id":"https:\/\/www.mediaspecs.be\/#website"},"primaryImageOfPage":{"@id":"https:\/\/www.mediaspecs.be\/fr\/mediaspecs-summer-interview-5-9-gondola-un-centre-de-connaissances-comme-nouveau-business-model-pour-la-presse-specialisee-pierre-alexandre-billiet-ceo-raconte\/#primaryimage"},"image":{"@id":"https:\/\/www.mediaspecs.be\/fr\/mediaspecs-summer-interview-5-9-gondola-un-centre-de-connaissances-comme-nouveau-business-model-pour-la-presse-specialisee-pierre-alexandre-billiet-ceo-raconte\/#primaryimage"},"thumbnailUrl":"https:\/\/www.mediaspecs.be\/wp-content\/uploads\/2018\/01\/Pierre-Alexandre-Billiet-square.jpg","datePublished":"2021-07-30T08:00:34+00:00","dateModified":"2021-07-30T10:38:24+00:00","author":{"@id":"https:\/\/www.mediaspecs.be\/#\/schema\/person\/74749a255985d200753aae85644632f2"},"breadcrumb":{"@id":"https:\/\/www.mediaspecs.be\/fr\/mediaspecs-summer-interview-5-9-gondola-un-centre-de-connaissances-comme-nouveau-business-model-pour-la-presse-specialisee-pierre-alexandre-billiet-ceo-raconte\/#breadcrumb"},"inLanguage":"fr-FR","potentialAction":[{"@type":"ReadAction","target":["https:\/\/www.mediaspecs.be\/fr\/mediaspecs-summer-interview-5-9-gondola-un-centre-de-connaissances-comme-nouveau-business-model-pour-la-presse-specialisee-pierre-alexandre-billiet-ceo-raconte\/"]}]},{"@type":"ImageObject","inLanguage":"fr-FR","@id":"https:\/\/www.mediaspecs.be\/fr\/mediaspecs-summer-interview-5-9-gondola-un-centre-de-connaissances-comme-nouveau-business-model-pour-la-presse-specialisee-pierre-alexandre-billiet-ceo-raconte\/#primaryimage","url":"https:\/\/www.mediaspecs.be\/wp-content\/uploads\/2018\/01\/Pierre-Alexandre-Billiet-square.jpg","contentUrl":"https:\/\/www.mediaspecs.be\/wp-content\/uploads\/2018\/01\/Pierre-Alexandre-Billiet-square.jpg","width":1044,"height":1044},{"@type":"BreadcrumbList","@id":"https:\/\/www.mediaspecs.be\/fr\/mediaspecs-summer-interview-5-9-gondola-un-centre-de-connaissances-comme-nouveau-business-model-pour-la-presse-specialisee-pierre-alexandre-billiet-ceo-raconte\/#breadcrumb","itemListElement":[{"@type":"ListItem","position":1,"name":"Home","item":"https:\/\/www.mediaspecs.be\/fr\/"},{"@type":"ListItem","position":2,"name":"MediaSpecs Summer Interview 5\/9 &#8211; Gondola : un centre de connaissances comme nouveau business model pour la presse sp\u00e9cialis\u00e9e. Pierre-Alexandre Billiet, CEO, raconte"}]},{"@type":"WebSite","@id":"https:\/\/www.mediaspecs.be\/#website","url":"https:\/\/www.mediaspecs.be\/","name":"MediaSpecs","description":"","potentialAction":[{"@type":"SearchAction","target":{"@type":"EntryPoint","urlTemplate":"https:\/\/www.mediaspecs.be\/?s={search_term_string}"},"query-input":{"@type":"PropertyValueSpecification","valueRequired":true,"valueName":"search_term_string"}}],"inLanguage":"fr-FR"},{"@type":"Person","@id":"https:\/\/www.mediaspecs.be\/#\/schema\/person\/74749a255985d200753aae85644632f2","name":"Line","image":{"@type":"ImageObject","inLanguage":"fr-FR","@id":"https:\/\/www.mediaspecs.be\/#\/schema\/person\/image\/","url":"https:\/\/secure.gravatar.com\/avatar\/355ad87feaddece6a7457563a81b9c95?s=96&d=mm&r=g","contentUrl":"https:\/\/secure.gravatar.com\/avatar\/355ad87feaddece6a7457563a81b9c95?s=96&d=mm&r=g","caption":"Line"}}]}},"publishpress_future_action":{"enabled":false,"date":"2026-05-09 14:33:55","action":"change-status","newStatus":"draft","terms":[],"taxonomy":"category","extraData":[]},"publishpress_future_workflow_manual_trigger":{"enabledWorkflows":[]},"_links":{"self":[{"href":"https:\/\/www.mediaspecs.be\/fr\/wp-json\/wp\/v2\/posts\/180320","targetHints":{"allow":["GET"]}}],"collection":[{"href":"https:\/\/www.mediaspecs.be\/fr\/wp-json\/wp\/v2\/posts"}],"about":[{"href":"https:\/\/www.mediaspecs.be\/fr\/wp-json\/wp\/v2\/types\/post"}],"author":[{"embeddable":true,"href":"https:\/\/www.mediaspecs.be\/fr\/wp-json\/wp\/v2\/users\/25"}],"replies":[{"embeddable":true,"href":"https:\/\/www.mediaspecs.be\/fr\/wp-json\/wp\/v2\/comments?post=180320"}],"version-history":[{"count":0,"href":"https:\/\/www.mediaspecs.be\/fr\/wp-json\/wp\/v2\/posts\/180320\/revisions"}],"wp:featuredmedia":[{"embeddable":true,"href":"https:\/\/www.mediaspecs.be\/fr\/wp-json\/wp\/v2\/media\/180552"}],"wp:attachment":[{"href":"https:\/\/www.mediaspecs.be\/fr\/wp-json\/wp\/v2\/media?parent=180320"}],"wp:term":[{"taxonomy":"category","embeddable":true,"href":"https:\/\/www.mediaspecs.be\/fr\/wp-json\/wp\/v2\/categories?post=180320"},{"taxonomy":"post_tag","embeddable":true,"href":"https:\/\/www.mediaspecs.be\/fr\/wp-json\/wp\/v2\/tags?post=180320"}],"curies":[{"name":"wp","href":"https:\/\/api.w.org\/{rel}","templated":true}]}}