{"id":177020,"date":"2021-05-12T09:01:49","date_gmt":"2021-05-12T07:01:49","guid":{"rendered":"https:\/\/www.mediaspecs.be\/?p=177020"},"modified":"2021-05-14T09:17:24","modified_gmt":"2021-05-14T07:17:24","slug":"la-media-sambre-faktory-nouveau-pole-de-developpement-de-la-culture-digitale-a-charleroi","status":"publish","type":"post","link":"https:\/\/www.mediaspecs.be\/fr\/la-media-sambre-faktory-nouveau-pole-de-developpement-de-la-culture-digitale-a-charleroi\/","title":{"rendered":"La M\u00e9dia Sambre faktory, nouveau p\u00f4le de d\u00e9veloppement de la culture digitale \u00e0 Charleroi"},"content":{"rendered":"<p>La <b>RTBF<\/b>, <b>CharleWood<\/b> (antenne wallonne de l&rsquo;ASBL bruxelloise Molengeek), le <b>MiiL<\/b> (le Lab Media de l&rsquo;UCLouvain) et la t\u00e9l\u00e9vision locale <b>T\u00e9l\u00e9sambre<\/b> \u00e9taient r\u00e9unis mardi \u00e0 Charleroi pour pr\u00e9senter la <b>M\u00e9dia Sambre faktory<\/b>, vou\u00e9e \u00e0 devenir un p\u00f4le de r\u00e9f\u00e9rence en mati\u00e8re de production de contenus digitaux et d&rsquo;innovation m\u00e9dias.<\/p>\n<p>Sur son site de Mediasambre, situ\u00e9 en plein c\u0153ur de Charleroi et partag\u00e9 avec T\u00e9l\u00e9sambre, la RTBF a d\u00e9cid\u00e9 d&rsquo;accueillir des partenaires ext\u00e9rieurs pour <i>\u00ab\u00a0d\u00e9velopper ensemble de nouvelles communaut\u00e9s de pratiques, produire des contenus et des outils digitaux, initier de nouveaux projets, apprendre et se former pour acqu\u00e9rir une nouvelle culture digitale\u00a0\u00bb<\/i>.<\/p>\n<p>Concr\u00e8tement, au 5e \u00e9tage du b\u00e2timent situ\u00e9 au boulevard Tirou, plusieurs espaces ont \u00e9t\u00e9 am\u00e9nag\u00e9s pour permettre aux diff\u00e9rents acteurs de d\u00e9velopper les m\u00e9dias de demain. Les jeunes participants aux formations de CharleWood ou de l&rsquo;UCLouvain pourront ainsi, via M\u00e9dia Sambre faktory, s&rsquo;immerger et b\u00e9n\u00e9ficier du savoir-faire des collaborateurs de la RTBF et de T\u00e9l\u00e9sambre tandis qu&rsquo;\u00e0 leur contact, ils pourront s&rsquo;aguerrir aux nouveaux formats num\u00e9riques. Dans cette optique, deux studios d&rsquo;enregistrement, \u00e9quip\u00e9s d&rsquo;un mat\u00e9riel sp\u00e9cifiquement adapt\u00e9 au digital, et un espace de postproduction seront partag\u00e9s au quotidien par les \u00e9quipes.<\/p>\n<p>Ce projet permet de <i>\u00ab\u00a0s&rsquo;ouvrir \u00e0 des comp\u00e9tences et des ambitions diff\u00e9rentes des n\u00f4tres. C&rsquo;est s&rsquo;ouvrir aux autres et contribuer au d\u00e9veloppement d&rsquo;un \u00e9cosyst\u00e8me dans lequel des dynamiques innovantes, de co-cr\u00e9ations, d&rsquo;apprentissages crois\u00e9s vont naturellement se mettre en place et renforcer (&#8230;) les missions de service public de la RTBF\u00a0\u00bb<\/i>, explique <b>Jean-Paul Philippot<\/b>, administrateur g\u00e9n\u00e9ral de la RTBF. <i>\u00ab\u00a0La rencontre des quatre partenaires permet d&rsquo;innover et de se faire rencontrer des gens qui ne se seraient peut-\u00eatre pas rencontr\u00e9s ailleurs\u00a0\u00bb<\/i>, souligne encore M. Philippot. <i>\u00ab\u00a0On va transmettre notre savoir \u00e0 la nouvelle g\u00e9n\u00e9ration. On engagera peut-\u00eatre aussi par la suite certains jeunes.\u00a0\u00bb<\/i><\/p>\n<p><i>\u00ab\u00a0Comme \u00e0 Molenbeek, notre ambition est de rendre le digital accessible \u00e0 tous\u00a0\u00bb<\/i>, indique <b>Ibrahim Ouassari<\/b>, co-fondateur de l&rsquo;ASBL. <i>\u00ab\u00a0Ici \u00e0 Charleroi, nous soutiendrons des jeunes qui veulent lancer leur start-up dans le secteur des technologies du web, des m\u00e9dias, du marketing et nous permettrons aussi \u00e0 d&rsquo;autres jeunes demandeurs d&#8217;emploi de suivre des formations intensives de 6 mois en marketing digital. Ces formations seront tr\u00e8s orient\u00e9es m\u00e9dias puisque l&rsquo;environnement proche de la RTBF s&rsquo;y pr\u00eate.\u00a0\u00bb<\/i><\/p>\n<p><i>\u00ab\u00a0Nous voulons mener des projets d&rsquo;innovation m\u00e9dias avec la RTBF, d\u00e9velopper de nouveaux produits et services innovants, travailler sur les nouveaux modes de narration, comprendre les besoins des m\u00e9dias comme la RTBF ou T\u00e9l\u00e9sambre\u00a0\u00bb<\/i>, rench\u00e9rit pour sa part <b>S\u00e9bastien Nahon<\/b>, directeur du MiiL. Le but est aussi de rapprocher les \u00e9tudiants de l&rsquo;industrie m\u00e9dias pour les plonger dans les r\u00e9alit\u00e9s les plus proches possibles du terrain.<\/p>\n<p>Source\u00a0: Belga.<\/p>\n","protected":false},"excerpt":{"rendered":"<p>La RTBF, CharleWood (antenne wallonne de Molengeek), le MiiL (le Lab Media de l&rsquo;UCLouvain) et T\u00e9l\u00e9sambre \u00e9taient r\u00e9unis \u00e0 Charleroi pour pr\u00e9senter la M\u00e9dia Sambre faktory, vou\u00e9e \u00e0 d\u00e9velopper et apprendre aux jeunes les m\u00e9dias de demain.<\/p>\n","protected":false},"author":25,"featured_media":177021,"comment_status":"closed","ping_status":"closed","sticky":false,"template":"","format":"standard","meta":{"_acf_changed":false,"_monsterinsights_skip_tracking":false,"_monsterinsights_sitenote_active":false,"_monsterinsights_sitenote_note":"","_monsterinsights_sitenote_category":0,"footnotes":""},"categories":[16],"tags":[16630,16633,12653,16632,16631,8507,16634,16635],"class_list":["post-177020","post","type-post","status-publish","format-standard","has-post-thumbnail","hentry","category-non-classifiee","tag-charlewood","tag-ibrahim-ouassari","tag-jean-paul-philippot-fr","tag-media-sambre-faktory","tag-miil","tag-rtbf-fr","tag-sebastien-nahon","tag-telesambre-fr"],"acf":[],"yoast_head":"<!-- This site is optimized with the Yoast SEO plugin v26.8 - https:\/\/yoast.com\/product\/yoast-seo-wordpress\/ -->\n<title>La M\u00e9dia Sambre faktory, nouveau p\u00f4le de d\u00e9veloppement de la culture digitale \u00e0 Charleroi<\/title>\n<meta name=\"robots\" content=\"index, follow, max-snippet:-1, max-image-preview:large, max-video-preview:-1\" \/>\n<link rel=\"canonical\" href=\"https:\/\/www.mediaspecs.be\/fr\/la-media-sambre-faktory-nouveau-pole-de-developpement-de-la-culture-digitale-a-charleroi\/\" \/>\n<meta property=\"og:locale\" content=\"fr_FR\" \/>\n<meta property=\"og:type\" content=\"article\" \/>\n<meta property=\"og:title\" content=\"La M\u00e9dia Sambre faktory, nouveau p\u00f4le de d\u00e9veloppement de la culture digitale \u00e0 Charleroi\" \/>\n<meta property=\"og:description\" content=\"La RTBF, CharleWood (antenne wallonne de Molengeek), le MiiL (le Lab Media de l&#039;UCLouvain) et T\u00e9l\u00e9sambre \u00e9taient r\u00e9unis \u00e0 Charleroi pour pr\u00e9senter la M\u00e9dia Sambre faktory, vou\u00e9e \u00e0 d\u00e9velopper et apprendre aux jeunes les m\u00e9dias de demain.\" \/>\n<meta property=\"og:url\" content=\"https:\/\/www.mediaspecs.be\/fr\/la-media-sambre-faktory-nouveau-pole-de-developpement-de-la-culture-digitale-a-charleroi\/\" \/>\n<meta property=\"og:site_name\" content=\"MediaSpecs\" \/>\n<meta property=\"article:published_time\" content=\"2021-05-12T07:01:49+00:00\" \/>\n<meta property=\"article:modified_time\" content=\"2021-05-14T07:17:24+00:00\" \/>\n<meta property=\"og:image\" content=\"https:\/\/www.mediaspecs.be\/wp-content\/uploads\/2021\/05\/media-sambre-faktory.jpg\" \/>\n\t<meta property=\"og:image:width\" content=\"225\" \/>\n\t<meta property=\"og:image:height\" content=\"225\" \/>\n\t<meta property=\"og:image:type\" content=\"image\/jpeg\" \/>\n<meta name=\"author\" content=\"Line\" \/>\n<meta name=\"twitter:card\" content=\"summary_large_image\" \/>\n<meta name=\"twitter:label1\" content=\"\u00c9crit par\" \/>\n\t<meta name=\"twitter:data1\" content=\"Line\" \/>\n\t<meta name=\"twitter:label2\" content=\"Dur\u00e9e de lecture estim\u00e9e\" \/>\n\t<meta name=\"twitter:data2\" content=\"2 minutes\" \/>\n<script type=\"application\/ld+json\" class=\"yoast-schema-graph\">{\"@context\":\"https:\/\/schema.org\",\"@graph\":[{\"@type\":\"Article\",\"@id\":\"https:\/\/www.mediaspecs.be\/fr\/la-media-sambre-faktory-nouveau-pole-de-developpement-de-la-culture-digitale-a-charleroi\/#article\",\"isPartOf\":{\"@id\":\"https:\/\/www.mediaspecs.be\/fr\/la-media-sambre-faktory-nouveau-pole-de-developpement-de-la-culture-digitale-a-charleroi\/\"},\"author\":{\"name\":\"Line\",\"@id\":\"https:\/\/www.mediaspecs.be\/#\/schema\/person\/74749a255985d200753aae85644632f2\"},\"headline\":\"La M\u00e9dia Sambre faktory, nouveau p\u00f4le de d\u00e9veloppement de la culture digitale \u00e0 Charleroi\",\"datePublished\":\"2021-05-12T07:01:49+00:00\",\"dateModified\":\"2021-05-14T07:17:24+00:00\",\"mainEntityOfPage\":{\"@id\":\"https:\/\/www.mediaspecs.be\/fr\/la-media-sambre-faktory-nouveau-pole-de-developpement-de-la-culture-digitale-a-charleroi\/\"},\"wordCount\":533,\"image\":{\"@id\":\"https:\/\/www.mediaspecs.be\/fr\/la-media-sambre-faktory-nouveau-pole-de-developpement-de-la-culture-digitale-a-charleroi\/#primaryimage\"},\"thumbnailUrl\":\"https:\/\/www.mediaspecs.be\/wp-content\/uploads\/2021\/05\/media-sambre-faktory.jpg\",\"keywords\":[\"CharleWood\",\"Ibrahim Ouassari\",\"Jean-Paul Philippot\",\"M\u00e9dia Sambre faktory\",\"MiiL\",\"RTBF\",\"S\u00e9bastien Nahon\",\"T\u00e9l\u00e9sambre\"],\"articleSection\":[\"Non classifi\"],\"inLanguage\":\"fr-FR\"},{\"@type\":\"WebPage\",\"@id\":\"https:\/\/www.mediaspecs.be\/fr\/la-media-sambre-faktory-nouveau-pole-de-developpement-de-la-culture-digitale-a-charleroi\/\",\"url\":\"https:\/\/www.mediaspecs.be\/fr\/la-media-sambre-faktory-nouveau-pole-de-developpement-de-la-culture-digitale-a-charleroi\/\",\"name\":\"La M\u00e9dia Sambre faktory, nouveau p\u00f4le de d\u00e9veloppement de la culture digitale \u00e0 Charleroi\",\"isPartOf\":{\"@id\":\"https:\/\/www.mediaspecs.be\/#website\"},\"primaryImageOfPage\":{\"@id\":\"https:\/\/www.mediaspecs.be\/fr\/la-media-sambre-faktory-nouveau-pole-de-developpement-de-la-culture-digitale-a-charleroi\/#primaryimage\"},\"image\":{\"@id\":\"https:\/\/www.mediaspecs.be\/fr\/la-media-sambre-faktory-nouveau-pole-de-developpement-de-la-culture-digitale-a-charleroi\/#primaryimage\"},\"thumbnailUrl\":\"https:\/\/www.mediaspecs.be\/wp-content\/uploads\/2021\/05\/media-sambre-faktory.jpg\",\"datePublished\":\"2021-05-12T07:01:49+00:00\",\"dateModified\":\"2021-05-14T07:17:24+00:00\",\"author\":{\"@id\":\"https:\/\/www.mediaspecs.be\/#\/schema\/person\/74749a255985d200753aae85644632f2\"},\"breadcrumb\":{\"@id\":\"https:\/\/www.mediaspecs.be\/fr\/la-media-sambre-faktory-nouveau-pole-de-developpement-de-la-culture-digitale-a-charleroi\/#breadcrumb\"},\"inLanguage\":\"fr-FR\",\"potentialAction\":[{\"@type\":\"ReadAction\",\"target\":[\"https:\/\/www.mediaspecs.be\/fr\/la-media-sambre-faktory-nouveau-pole-de-developpement-de-la-culture-digitale-a-charleroi\/\"]}]},{\"@type\":\"ImageObject\",\"inLanguage\":\"fr-FR\",\"@id\":\"https:\/\/www.mediaspecs.be\/fr\/la-media-sambre-faktory-nouveau-pole-de-developpement-de-la-culture-digitale-a-charleroi\/#primaryimage\",\"url\":\"https:\/\/www.mediaspecs.be\/wp-content\/uploads\/2021\/05\/media-sambre-faktory.jpg\",\"contentUrl\":\"https:\/\/www.mediaspecs.be\/wp-content\/uploads\/2021\/05\/media-sambre-faktory.jpg\",\"width\":225,\"height\":225},{\"@type\":\"BreadcrumbList\",\"@id\":\"https:\/\/www.mediaspecs.be\/fr\/la-media-sambre-faktory-nouveau-pole-de-developpement-de-la-culture-digitale-a-charleroi\/#breadcrumb\",\"itemListElement\":[{\"@type\":\"ListItem\",\"position\":1,\"name\":\"Home\",\"item\":\"https:\/\/www.mediaspecs.be\/fr\/\"},{\"@type\":\"ListItem\",\"position\":2,\"name\":\"La M\u00e9dia Sambre faktory, nouveau p\u00f4le de d\u00e9veloppement de la culture digitale \u00e0 Charleroi\"}]},{\"@type\":\"WebSite\",\"@id\":\"https:\/\/www.mediaspecs.be\/#website\",\"url\":\"https:\/\/www.mediaspecs.be\/\",\"name\":\"MediaSpecs\",\"description\":\"\",\"potentialAction\":[{\"@type\":\"SearchAction\",\"target\":{\"@type\":\"EntryPoint\",\"urlTemplate\":\"https:\/\/www.mediaspecs.be\/?s={search_term_string}\"},\"query-input\":{\"@type\":\"PropertyValueSpecification\",\"valueRequired\":true,\"valueName\":\"search_term_string\"}}],\"inLanguage\":\"fr-FR\"},{\"@type\":\"Person\",\"@id\":\"https:\/\/www.mediaspecs.be\/#\/schema\/person\/74749a255985d200753aae85644632f2\",\"name\":\"Line\",\"image\":{\"@type\":\"ImageObject\",\"inLanguage\":\"fr-FR\",\"@id\":\"https:\/\/www.mediaspecs.be\/#\/schema\/person\/image\/\",\"url\":\"https:\/\/secure.gravatar.com\/avatar\/355ad87feaddece6a7457563a81b9c95?s=96&d=mm&r=g\",\"contentUrl\":\"https:\/\/secure.gravatar.com\/avatar\/355ad87feaddece6a7457563a81b9c95?s=96&d=mm&r=g\",\"caption\":\"Line\"}}]}<\/script>\n<!-- \/ Yoast SEO plugin. -->","yoast_head_json":{"title":"La M\u00e9dia Sambre faktory, nouveau p\u00f4le de d\u00e9veloppement de la culture digitale \u00e0 Charleroi","robots":{"index":"index","follow":"follow","max-snippet":"max-snippet:-1","max-image-preview":"max-image-preview:large","max-video-preview":"max-video-preview:-1"},"canonical":"https:\/\/www.mediaspecs.be\/fr\/la-media-sambre-faktory-nouveau-pole-de-developpement-de-la-culture-digitale-a-charleroi\/","og_locale":"fr_FR","og_type":"article","og_title":"La M\u00e9dia Sambre faktory, nouveau p\u00f4le de d\u00e9veloppement de la culture digitale \u00e0 Charleroi","og_description":"La RTBF, CharleWood (antenne wallonne de Molengeek), le MiiL (le Lab Media de l'UCLouvain) et T\u00e9l\u00e9sambre \u00e9taient r\u00e9unis \u00e0 Charleroi pour pr\u00e9senter la M\u00e9dia Sambre faktory, vou\u00e9e \u00e0 d\u00e9velopper et apprendre aux jeunes les m\u00e9dias de demain.","og_url":"https:\/\/www.mediaspecs.be\/fr\/la-media-sambre-faktory-nouveau-pole-de-developpement-de-la-culture-digitale-a-charleroi\/","og_site_name":"MediaSpecs","article_published_time":"2021-05-12T07:01:49+00:00","article_modified_time":"2021-05-14T07:17:24+00:00","og_image":[{"width":225,"height":225,"url":"https:\/\/www.mediaspecs.be\/wp-content\/uploads\/2021\/05\/media-sambre-faktory.jpg","type":"image\/jpeg"}],"author":"Line","twitter_card":"summary_large_image","twitter_misc":{"\u00c9crit par":"Line","Dur\u00e9e de lecture estim\u00e9e":"2 minutes"},"schema":{"@context":"https:\/\/schema.org","@graph":[{"@type":"Article","@id":"https:\/\/www.mediaspecs.be\/fr\/la-media-sambre-faktory-nouveau-pole-de-developpement-de-la-culture-digitale-a-charleroi\/#article","isPartOf":{"@id":"https:\/\/www.mediaspecs.be\/fr\/la-media-sambre-faktory-nouveau-pole-de-developpement-de-la-culture-digitale-a-charleroi\/"},"author":{"name":"Line","@id":"https:\/\/www.mediaspecs.be\/#\/schema\/person\/74749a255985d200753aae85644632f2"},"headline":"La M\u00e9dia Sambre faktory, nouveau p\u00f4le de d\u00e9veloppement de la culture digitale \u00e0 Charleroi","datePublished":"2021-05-12T07:01:49+00:00","dateModified":"2021-05-14T07:17:24+00:00","mainEntityOfPage":{"@id":"https:\/\/www.mediaspecs.be\/fr\/la-media-sambre-faktory-nouveau-pole-de-developpement-de-la-culture-digitale-a-charleroi\/"},"wordCount":533,"image":{"@id":"https:\/\/www.mediaspecs.be\/fr\/la-media-sambre-faktory-nouveau-pole-de-developpement-de-la-culture-digitale-a-charleroi\/#primaryimage"},"thumbnailUrl":"https:\/\/www.mediaspecs.be\/wp-content\/uploads\/2021\/05\/media-sambre-faktory.jpg","keywords":["CharleWood","Ibrahim Ouassari","Jean-Paul Philippot","M\u00e9dia Sambre faktory","MiiL","RTBF","S\u00e9bastien Nahon","T\u00e9l\u00e9sambre"],"articleSection":["Non classifi"],"inLanguage":"fr-FR"},{"@type":"WebPage","@id":"https:\/\/www.mediaspecs.be\/fr\/la-media-sambre-faktory-nouveau-pole-de-developpement-de-la-culture-digitale-a-charleroi\/","url":"https:\/\/www.mediaspecs.be\/fr\/la-media-sambre-faktory-nouveau-pole-de-developpement-de-la-culture-digitale-a-charleroi\/","name":"La M\u00e9dia Sambre faktory, nouveau p\u00f4le de d\u00e9veloppement de la culture digitale \u00e0 Charleroi","isPartOf":{"@id":"https:\/\/www.mediaspecs.be\/#website"},"primaryImageOfPage":{"@id":"https:\/\/www.mediaspecs.be\/fr\/la-media-sambre-faktory-nouveau-pole-de-developpement-de-la-culture-digitale-a-charleroi\/#primaryimage"},"image":{"@id":"https:\/\/www.mediaspecs.be\/fr\/la-media-sambre-faktory-nouveau-pole-de-developpement-de-la-culture-digitale-a-charleroi\/#primaryimage"},"thumbnailUrl":"https:\/\/www.mediaspecs.be\/wp-content\/uploads\/2021\/05\/media-sambre-faktory.jpg","datePublished":"2021-05-12T07:01:49+00:00","dateModified":"2021-05-14T07:17:24+00:00","author":{"@id":"https:\/\/www.mediaspecs.be\/#\/schema\/person\/74749a255985d200753aae85644632f2"},"breadcrumb":{"@id":"https:\/\/www.mediaspecs.be\/fr\/la-media-sambre-faktory-nouveau-pole-de-developpement-de-la-culture-digitale-a-charleroi\/#breadcrumb"},"inLanguage":"fr-FR","potentialAction":[{"@type":"ReadAction","target":["https:\/\/www.mediaspecs.be\/fr\/la-media-sambre-faktory-nouveau-pole-de-developpement-de-la-culture-digitale-a-charleroi\/"]}]},{"@type":"ImageObject","inLanguage":"fr-FR","@id":"https:\/\/www.mediaspecs.be\/fr\/la-media-sambre-faktory-nouveau-pole-de-developpement-de-la-culture-digitale-a-charleroi\/#primaryimage","url":"https:\/\/www.mediaspecs.be\/wp-content\/uploads\/2021\/05\/media-sambre-faktory.jpg","contentUrl":"https:\/\/www.mediaspecs.be\/wp-content\/uploads\/2021\/05\/media-sambre-faktory.jpg","width":225,"height":225},{"@type":"BreadcrumbList","@id":"https:\/\/www.mediaspecs.be\/fr\/la-media-sambre-faktory-nouveau-pole-de-developpement-de-la-culture-digitale-a-charleroi\/#breadcrumb","itemListElement":[{"@type":"ListItem","position":1,"name":"Home","item":"https:\/\/www.mediaspecs.be\/fr\/"},{"@type":"ListItem","position":2,"name":"La M\u00e9dia Sambre faktory, nouveau p\u00f4le de d\u00e9veloppement de la culture digitale \u00e0 Charleroi"}]},{"@type":"WebSite","@id":"https:\/\/www.mediaspecs.be\/#website","url":"https:\/\/www.mediaspecs.be\/","name":"MediaSpecs","description":"","potentialAction":[{"@type":"SearchAction","target":{"@type":"EntryPoint","urlTemplate":"https:\/\/www.mediaspecs.be\/?s={search_term_string}"},"query-input":{"@type":"PropertyValueSpecification","valueRequired":true,"valueName":"search_term_string"}}],"inLanguage":"fr-FR"},{"@type":"Person","@id":"https:\/\/www.mediaspecs.be\/#\/schema\/person\/74749a255985d200753aae85644632f2","name":"Line","image":{"@type":"ImageObject","inLanguage":"fr-FR","@id":"https:\/\/www.mediaspecs.be\/#\/schema\/person\/image\/","url":"https:\/\/secure.gravatar.com\/avatar\/355ad87feaddece6a7457563a81b9c95?s=96&d=mm&r=g","contentUrl":"https:\/\/secure.gravatar.com\/avatar\/355ad87feaddece6a7457563a81b9c95?s=96&d=mm&r=g","caption":"Line"}}]}},"publishpress_future_action":{"enabled":false,"date":"2026-05-05 02:11:31","action":"change-status","newStatus":"draft","terms":[],"taxonomy":"category","extraData":[]},"publishpress_future_workflow_manual_trigger":{"enabledWorkflows":[]},"_links":{"self":[{"href":"https:\/\/www.mediaspecs.be\/fr\/wp-json\/wp\/v2\/posts\/177020","targetHints":{"allow":["GET"]}}],"collection":[{"href":"https:\/\/www.mediaspecs.be\/fr\/wp-json\/wp\/v2\/posts"}],"about":[{"href":"https:\/\/www.mediaspecs.be\/fr\/wp-json\/wp\/v2\/types\/post"}],"author":[{"embeddable":true,"href":"https:\/\/www.mediaspecs.be\/fr\/wp-json\/wp\/v2\/users\/25"}],"replies":[{"embeddable":true,"href":"https:\/\/www.mediaspecs.be\/fr\/wp-json\/wp\/v2\/comments?post=177020"}],"version-history":[{"count":0,"href":"https:\/\/www.mediaspecs.be\/fr\/wp-json\/wp\/v2\/posts\/177020\/revisions"}],"wp:featuredmedia":[{"embeddable":true,"href":"https:\/\/www.mediaspecs.be\/fr\/wp-json\/wp\/v2\/media\/177021"}],"wp:attachment":[{"href":"https:\/\/www.mediaspecs.be\/fr\/wp-json\/wp\/v2\/media?parent=177020"}],"wp:term":[{"taxonomy":"category","embeddable":true,"href":"https:\/\/www.mediaspecs.be\/fr\/wp-json\/wp\/v2\/categories?post=177020"},{"taxonomy":"post_tag","embeddable":true,"href":"https:\/\/www.mediaspecs.be\/fr\/wp-json\/wp\/v2\/tags?post=177020"}],"curies":[{"name":"wp","href":"https:\/\/api.w.org\/{rel}","templated":true}]}}