{"id":149972,"date":"2019-12-12T14:24:53","date_gmt":"2019-12-12T13:24:53","guid":{"rendered":"https:\/\/www.mediaspecs.be\/?p=149972"},"modified":"2019-12-12T14:24:53","modified_gmt":"2019-12-12T13:24:53","slug":"nathalie-rahbani-de-telenet-est-ladvertiser-personality-of-the-year-2019","status":"publish","type":"post","link":"https:\/\/www.mediaspecs.be\/fr\/nathalie-rahbani-de-telenet-est-ladvertiser-personality-of-the-year-2019\/","title":{"rendered":"Nathalie Rahbani de Telenet est l\u2019Advertiser Personality of the Year 2019"},"content":{"rendered":"<p>L\u2019Advertiser Personality of the Year (APOY) est organis\u00e9 conjointement par UBA et PUB depuis 2002 et r\u00e9compense les annonceurs qui peuvent servir d\u2019exemple pour leur professionnalisme, leur audace et leur contribution au monde de la publicit\u00e9.<\/p>\n<p>Nathalie Rahbani est Directrice Brand, Media &amp; Communications chez Telenet. Elle a d\u00e9but\u00e9 sa carri\u00e8re il y a 16 ans au sein de VVL BBDO, o\u00f9 elle a appris les ficelles du m\u00e9tier \u00e0 travers des projets notamment pour Electrabel, NMBS, Mars et Mercedes. Elle a ensuite rejoint Duval Guillaume o\u00f9 elle a travaill\u00e9 pour des marques telles que Douwe Egberts, Reborn-to-be-alive et Coke Zero.<\/p>\n<p>Les autres nomin\u00e9s \u00e9taient Lieve Pattyn (Marketing Director chez la soci\u00e9t\u00e9 pharmaceutique EG) et Kris Michiels (Marketing Director et BU Lead Refreshment BeLux chez Unilever).<\/p>\n<p>Le jury \u00e9tait compos\u00e9 de Kristof Ampe (Swinkels Brewery), David Favest (Touring), Harry Demey (LDV United), Fran\u00e7ois Chaudoir (Space), Stijn Cavens (DPG Media), Marc Vossen (NGroup), Chris Van Roey (UBA) et Philippe Warz\u00e9e (PUB).<\/p>\n<img decoding=\"async\" class=\"size-full wp-image-149965 aligncenter\" src=\"https:\/\/www.mediaspecs.be\/wp-content\/uploads\/2019\/12\/IMG_5656.jpg\" alt=\"\" \/>\n","protected":false},"excerpt":{"rendered":"<p>Nathalie Rahbani est Directrice Brand, Media &#038; Communications chez Telenet. Elle a d\u00e9but\u00e9 sa carri\u00e8re il y a 16 ans au sein de VVL BBDO et a ensuite rejoint Duval Guillaume. Les autres nomin\u00e9s \u00e9taient Lieve Pattyn et Kris Michiels.<\/p>\n","protected":false},"author":7,"featured_media":149970,"comment_status":"closed","ping_status":"closed","sticky":false,"template":"","format":"standard","meta":{"_acf_changed":false,"_monsterinsights_skip_tracking":false,"_monsterinsights_sitenote_active":false,"_monsterinsights_sitenote_note":"","_monsterinsights_sitenote_category":0,"footnotes":""},"categories":[24],"tags":[9114,12051,100],"class_list":["post-149972","post","type-post","status-publish","format-standard","has-post-thumbnail","hentry","category-people-fr","tag-apoy-advertiser-personality-of-the-year","tag-nathalie-rahbani-fr","tag-telenet"],"acf":[],"yoast_head":"<!-- This site is optimized with the Yoast SEO plugin v26.8 - https:\/\/yoast.com\/product\/yoast-seo-wordpress\/ -->\n<title>Nathalie Rahbani de Telenet est l\u2019Advertiser Personality of the Year 2019<\/title>\n<meta name=\"robots\" content=\"index, follow, max-snippet:-1, max-image-preview:large, max-video-preview:-1\" \/>\n<link rel=\"canonical\" href=\"https:\/\/www.mediaspecs.be\/fr\/nathalie-rahbani-de-telenet-est-ladvertiser-personality-of-the-year-2019\/\" \/>\n<meta property=\"og:locale\" content=\"fr_FR\" \/>\n<meta property=\"og:type\" content=\"article\" \/>\n<meta property=\"og:title\" content=\"Nathalie Rahbani de Telenet est l\u2019Advertiser Personality of the Year 2019\" \/>\n<meta property=\"og:description\" content=\"Nathalie Rahbani est Directrice Brand, Media &amp; Communications chez Telenet. Elle a d\u00e9but\u00e9 sa carri\u00e8re il y a 16 ans au sein de VVL BBDO et a ensuite rejoint Duval Guillaume. Les autres nomin\u00e9s \u00e9taient Lieve Pattyn et Kris Michiels.\" \/>\n<meta property=\"og:url\" content=\"https:\/\/www.mediaspecs.be\/fr\/nathalie-rahbani-de-telenet-est-ladvertiser-personality-of-the-year-2019\/\" \/>\n<meta property=\"og:site_name\" content=\"MediaSpecs\" \/>\n<meta property=\"article:published_time\" content=\"2019-12-12T13:24:53+00:00\" \/>\n<meta property=\"og:image\" content=\"https:\/\/www.mediaspecs.be\/wp-content\/uploads\/2019\/12\/Nathalie-Rahbani.jpg\" \/>\n\t<meta property=\"og:image:width\" content=\"454\" \/>\n\t<meta property=\"og:image:height\" content=\"467\" \/>\n\t<meta property=\"og:image:type\" content=\"image\/jpeg\" \/>\n<meta name=\"author\" content=\"@Wim\" \/>\n<meta name=\"twitter:card\" content=\"summary_large_image\" \/>\n<meta name=\"twitter:label1\" content=\"\u00c9crit par\" \/>\n\t<meta name=\"twitter:data1\" content=\"@Wim\" \/>\n\t<meta name=\"twitter:label2\" content=\"Dur\u00e9e de lecture estim\u00e9e\" \/>\n\t<meta name=\"twitter:data2\" content=\"1 minute\" \/>\n<script type=\"application\/ld+json\" class=\"yoast-schema-graph\">{\"@context\":\"https:\/\/schema.org\",\"@graph\":[{\"@type\":\"Article\",\"@id\":\"https:\/\/www.mediaspecs.be\/fr\/nathalie-rahbani-de-telenet-est-ladvertiser-personality-of-the-year-2019\/#article\",\"isPartOf\":{\"@id\":\"https:\/\/www.mediaspecs.be\/fr\/nathalie-rahbani-de-telenet-est-ladvertiser-personality-of-the-year-2019\/\"},\"author\":{\"name\":\"@Wim\",\"@id\":\"https:\/\/www.mediaspecs.be\/#\/schema\/person\/e7abfbc9d625b3ef13e2253554a61317\"},\"headline\":\"Nathalie Rahbani de Telenet est l\u2019Advertiser Personality of the Year 2019\",\"datePublished\":\"2019-12-12T13:24:53+00:00\",\"mainEntityOfPage\":{\"@id\":\"https:\/\/www.mediaspecs.be\/fr\/nathalie-rahbani-de-telenet-est-ladvertiser-personality-of-the-year-2019\/\"},\"wordCount\":178,\"image\":{\"@id\":\"https:\/\/www.mediaspecs.be\/fr\/nathalie-rahbani-de-telenet-est-ladvertiser-personality-of-the-year-2019\/#primaryimage\"},\"thumbnailUrl\":\"https:\/\/www.mediaspecs.be\/wp-content\/uploads\/2019\/12\/Nathalie-Rahbani.jpg\",\"keywords\":[\"APOY (Advertiser Personality of the Year)\",\"Nathalie Rahbani\",\"Telenet\"],\"articleSection\":[\"People - fr\"],\"inLanguage\":\"fr-FR\"},{\"@type\":\"WebPage\",\"@id\":\"https:\/\/www.mediaspecs.be\/fr\/nathalie-rahbani-de-telenet-est-ladvertiser-personality-of-the-year-2019\/\",\"url\":\"https:\/\/www.mediaspecs.be\/fr\/nathalie-rahbani-de-telenet-est-ladvertiser-personality-of-the-year-2019\/\",\"name\":\"Nathalie Rahbani de Telenet est l\u2019Advertiser Personality of the Year 2019\",\"isPartOf\":{\"@id\":\"https:\/\/www.mediaspecs.be\/#website\"},\"primaryImageOfPage\":{\"@id\":\"https:\/\/www.mediaspecs.be\/fr\/nathalie-rahbani-de-telenet-est-ladvertiser-personality-of-the-year-2019\/#primaryimage\"},\"image\":{\"@id\":\"https:\/\/www.mediaspecs.be\/fr\/nathalie-rahbani-de-telenet-est-ladvertiser-personality-of-the-year-2019\/#primaryimage\"},\"thumbnailUrl\":\"https:\/\/www.mediaspecs.be\/wp-content\/uploads\/2019\/12\/Nathalie-Rahbani.jpg\",\"datePublished\":\"2019-12-12T13:24:53+00:00\",\"author\":{\"@id\":\"https:\/\/www.mediaspecs.be\/#\/schema\/person\/e7abfbc9d625b3ef13e2253554a61317\"},\"breadcrumb\":{\"@id\":\"https:\/\/www.mediaspecs.be\/fr\/nathalie-rahbani-de-telenet-est-ladvertiser-personality-of-the-year-2019\/#breadcrumb\"},\"inLanguage\":\"fr-FR\",\"potentialAction\":[{\"@type\":\"ReadAction\",\"target\":[\"https:\/\/www.mediaspecs.be\/fr\/nathalie-rahbani-de-telenet-est-ladvertiser-personality-of-the-year-2019\/\"]}]},{\"@type\":\"ImageObject\",\"inLanguage\":\"fr-FR\",\"@id\":\"https:\/\/www.mediaspecs.be\/fr\/nathalie-rahbani-de-telenet-est-ladvertiser-personality-of-the-year-2019\/#primaryimage\",\"url\":\"https:\/\/www.mediaspecs.be\/wp-content\/uploads\/2019\/12\/Nathalie-Rahbani.jpg\",\"contentUrl\":\"https:\/\/www.mediaspecs.be\/wp-content\/uploads\/2019\/12\/Nathalie-Rahbani.jpg\",\"width\":454,\"height\":467},{\"@type\":\"BreadcrumbList\",\"@id\":\"https:\/\/www.mediaspecs.be\/fr\/nathalie-rahbani-de-telenet-est-ladvertiser-personality-of-the-year-2019\/#breadcrumb\",\"itemListElement\":[{\"@type\":\"ListItem\",\"position\":1,\"name\":\"Home\",\"item\":\"https:\/\/www.mediaspecs.be\/fr\/\"},{\"@type\":\"ListItem\",\"position\":2,\"name\":\"Nathalie Rahbani de Telenet est l\u2019Advertiser Personality of the Year 2019\"}]},{\"@type\":\"WebSite\",\"@id\":\"https:\/\/www.mediaspecs.be\/#website\",\"url\":\"https:\/\/www.mediaspecs.be\/\",\"name\":\"MediaSpecs\",\"description\":\"\",\"potentialAction\":[{\"@type\":\"SearchAction\",\"target\":{\"@type\":\"EntryPoint\",\"urlTemplate\":\"https:\/\/www.mediaspecs.be\/?s={search_term_string}\"},\"query-input\":{\"@type\":\"PropertyValueSpecification\",\"valueRequired\":true,\"valueName\":\"search_term_string\"}}],\"inLanguage\":\"fr-FR\"},{\"@type\":\"Person\",\"@id\":\"https:\/\/www.mediaspecs.be\/#\/schema\/person\/e7abfbc9d625b3ef13e2253554a61317\",\"name\":\"@Wim\",\"image\":{\"@type\":\"ImageObject\",\"inLanguage\":\"fr-FR\",\"@id\":\"https:\/\/www.mediaspecs.be\/#\/schema\/person\/image\/\",\"url\":\"https:\/\/secure.gravatar.com\/avatar\/de892638610b43fa24678a1bf0b93dea?s=96&d=mm&r=g\",\"contentUrl\":\"https:\/\/secure.gravatar.com\/avatar\/de892638610b43fa24678a1bf0b93dea?s=96&d=mm&r=g\",\"caption\":\"@Wim\"}}]}<\/script>\n<!-- \/ Yoast SEO plugin. -->","yoast_head_json":{"title":"Nathalie Rahbani de Telenet est l\u2019Advertiser Personality of the Year 2019","robots":{"index":"index","follow":"follow","max-snippet":"max-snippet:-1","max-image-preview":"max-image-preview:large","max-video-preview":"max-video-preview:-1"},"canonical":"https:\/\/www.mediaspecs.be\/fr\/nathalie-rahbani-de-telenet-est-ladvertiser-personality-of-the-year-2019\/","og_locale":"fr_FR","og_type":"article","og_title":"Nathalie Rahbani de Telenet est l\u2019Advertiser Personality of the Year 2019","og_description":"Nathalie Rahbani est Directrice Brand, Media & Communications chez Telenet. Elle a d\u00e9but\u00e9 sa carri\u00e8re il y a 16 ans au sein de VVL BBDO et a ensuite rejoint Duval Guillaume. Les autres nomin\u00e9s \u00e9taient Lieve Pattyn et Kris Michiels.","og_url":"https:\/\/www.mediaspecs.be\/fr\/nathalie-rahbani-de-telenet-est-ladvertiser-personality-of-the-year-2019\/","og_site_name":"MediaSpecs","article_published_time":"2019-12-12T13:24:53+00:00","og_image":[{"width":454,"height":467,"url":"https:\/\/www.mediaspecs.be\/wp-content\/uploads\/2019\/12\/Nathalie-Rahbani.jpg","type":"image\/jpeg"}],"author":"@Wim","twitter_card":"summary_large_image","twitter_misc":{"\u00c9crit par":"@Wim","Dur\u00e9e de lecture estim\u00e9e":"1 minute"},"schema":{"@context":"https:\/\/schema.org","@graph":[{"@type":"Article","@id":"https:\/\/www.mediaspecs.be\/fr\/nathalie-rahbani-de-telenet-est-ladvertiser-personality-of-the-year-2019\/#article","isPartOf":{"@id":"https:\/\/www.mediaspecs.be\/fr\/nathalie-rahbani-de-telenet-est-ladvertiser-personality-of-the-year-2019\/"},"author":{"name":"@Wim","@id":"https:\/\/www.mediaspecs.be\/#\/schema\/person\/e7abfbc9d625b3ef13e2253554a61317"},"headline":"Nathalie Rahbani de Telenet est l\u2019Advertiser Personality of the Year 2019","datePublished":"2019-12-12T13:24:53+00:00","mainEntityOfPage":{"@id":"https:\/\/www.mediaspecs.be\/fr\/nathalie-rahbani-de-telenet-est-ladvertiser-personality-of-the-year-2019\/"},"wordCount":178,"image":{"@id":"https:\/\/www.mediaspecs.be\/fr\/nathalie-rahbani-de-telenet-est-ladvertiser-personality-of-the-year-2019\/#primaryimage"},"thumbnailUrl":"https:\/\/www.mediaspecs.be\/wp-content\/uploads\/2019\/12\/Nathalie-Rahbani.jpg","keywords":["APOY (Advertiser Personality of the Year)","Nathalie Rahbani","Telenet"],"articleSection":["People - fr"],"inLanguage":"fr-FR"},{"@type":"WebPage","@id":"https:\/\/www.mediaspecs.be\/fr\/nathalie-rahbani-de-telenet-est-ladvertiser-personality-of-the-year-2019\/","url":"https:\/\/www.mediaspecs.be\/fr\/nathalie-rahbani-de-telenet-est-ladvertiser-personality-of-the-year-2019\/","name":"Nathalie Rahbani de Telenet est l\u2019Advertiser Personality of the Year 2019","isPartOf":{"@id":"https:\/\/www.mediaspecs.be\/#website"},"primaryImageOfPage":{"@id":"https:\/\/www.mediaspecs.be\/fr\/nathalie-rahbani-de-telenet-est-ladvertiser-personality-of-the-year-2019\/#primaryimage"},"image":{"@id":"https:\/\/www.mediaspecs.be\/fr\/nathalie-rahbani-de-telenet-est-ladvertiser-personality-of-the-year-2019\/#primaryimage"},"thumbnailUrl":"https:\/\/www.mediaspecs.be\/wp-content\/uploads\/2019\/12\/Nathalie-Rahbani.jpg","datePublished":"2019-12-12T13:24:53+00:00","author":{"@id":"https:\/\/www.mediaspecs.be\/#\/schema\/person\/e7abfbc9d625b3ef13e2253554a61317"},"breadcrumb":{"@id":"https:\/\/www.mediaspecs.be\/fr\/nathalie-rahbani-de-telenet-est-ladvertiser-personality-of-the-year-2019\/#breadcrumb"},"inLanguage":"fr-FR","potentialAction":[{"@type":"ReadAction","target":["https:\/\/www.mediaspecs.be\/fr\/nathalie-rahbani-de-telenet-est-ladvertiser-personality-of-the-year-2019\/"]}]},{"@type":"ImageObject","inLanguage":"fr-FR","@id":"https:\/\/www.mediaspecs.be\/fr\/nathalie-rahbani-de-telenet-est-ladvertiser-personality-of-the-year-2019\/#primaryimage","url":"https:\/\/www.mediaspecs.be\/wp-content\/uploads\/2019\/12\/Nathalie-Rahbani.jpg","contentUrl":"https:\/\/www.mediaspecs.be\/wp-content\/uploads\/2019\/12\/Nathalie-Rahbani.jpg","width":454,"height":467},{"@type":"BreadcrumbList","@id":"https:\/\/www.mediaspecs.be\/fr\/nathalie-rahbani-de-telenet-est-ladvertiser-personality-of-the-year-2019\/#breadcrumb","itemListElement":[{"@type":"ListItem","position":1,"name":"Home","item":"https:\/\/www.mediaspecs.be\/fr\/"},{"@type":"ListItem","position":2,"name":"Nathalie Rahbani de Telenet est l\u2019Advertiser Personality of the Year 2019"}]},{"@type":"WebSite","@id":"https:\/\/www.mediaspecs.be\/#website","url":"https:\/\/www.mediaspecs.be\/","name":"MediaSpecs","description":"","potentialAction":[{"@type":"SearchAction","target":{"@type":"EntryPoint","urlTemplate":"https:\/\/www.mediaspecs.be\/?s={search_term_string}"},"query-input":{"@type":"PropertyValueSpecification","valueRequired":true,"valueName":"search_term_string"}}],"inLanguage":"fr-FR"},{"@type":"Person","@id":"https:\/\/www.mediaspecs.be\/#\/schema\/person\/e7abfbc9d625b3ef13e2253554a61317","name":"@Wim","image":{"@type":"ImageObject","inLanguage":"fr-FR","@id":"https:\/\/www.mediaspecs.be\/#\/schema\/person\/image\/","url":"https:\/\/secure.gravatar.com\/avatar\/de892638610b43fa24678a1bf0b93dea?s=96&d=mm&r=g","contentUrl":"https:\/\/secure.gravatar.com\/avatar\/de892638610b43fa24678a1bf0b93dea?s=96&d=mm&r=g","caption":"@Wim"}}]}},"publishpress_future_action":{"enabled":false,"date":"2026-05-06 22:24:23","action":"change-status","newStatus":"draft","terms":[],"taxonomy":"category","extraData":[]},"publishpress_future_workflow_manual_trigger":{"enabledWorkflows":[]},"_links":{"self":[{"href":"https:\/\/www.mediaspecs.be\/fr\/wp-json\/wp\/v2\/posts\/149972","targetHints":{"allow":["GET"]}}],"collection":[{"href":"https:\/\/www.mediaspecs.be\/fr\/wp-json\/wp\/v2\/posts"}],"about":[{"href":"https:\/\/www.mediaspecs.be\/fr\/wp-json\/wp\/v2\/types\/post"}],"author":[{"embeddable":true,"href":"https:\/\/www.mediaspecs.be\/fr\/wp-json\/wp\/v2\/users\/7"}],"replies":[{"embeddable":true,"href":"https:\/\/www.mediaspecs.be\/fr\/wp-json\/wp\/v2\/comments?post=149972"}],"version-history":[{"count":0,"href":"https:\/\/www.mediaspecs.be\/fr\/wp-json\/wp\/v2\/posts\/149972\/revisions"}],"wp:featuredmedia":[{"embeddable":true,"href":"https:\/\/www.mediaspecs.be\/fr\/wp-json\/wp\/v2\/media\/149970"}],"wp:attachment":[{"href":"https:\/\/www.mediaspecs.be\/fr\/wp-json\/wp\/v2\/media?parent=149972"}],"wp:term":[{"taxonomy":"category","embeddable":true,"href":"https:\/\/www.mediaspecs.be\/fr\/wp-json\/wp\/v2\/categories?post=149972"},{"taxonomy":"post_tag","embeddable":true,"href":"https:\/\/www.mediaspecs.be\/fr\/wp-json\/wp\/v2\/tags?post=149972"}],"curies":[{"name":"wp","href":"https:\/\/api.w.org\/{rel}","templated":true}]}}