{"id":147080,"date":"2019-10-23T11:22:24","date_gmt":"2019-10-23T09:22:24","guid":{"rendered":"https:\/\/www.mediaspecs.be\/?p=147080"},"modified":"2019-10-23T11:32:11","modified_gmt":"2019-10-23T09:32:11","slug":"le-groupe-rossel-finalise-le-rachat-du-magazine-cine-tele-revue","status":"publish","type":"post","link":"https:\/\/www.mediaspecs.be\/fr\/le-groupe-rossel-finalise-le-rachat-du-magazine-cine-tele-revue\/","title":{"rendered":"Le Groupe Rossel finalise le rachat du magazine Cin\u00e9 T\u00e9l\u00e9 Revue"},"content":{"rendered":"<p><strong>Le magazine <a href=\"https:\/\/database.mediaspecs.be\/database\/#medium\/10103\"><em>Cin\u00e9 T\u00e9l\u00e9 Revue<\/em><\/a>, un titre \u00ab leader du segment des p\u00e9riodiques d\u2019informations t\u00e9l\u00e9 mais aussi des actualit\u00e9s cin\u00e9ma et people \u00bb fait d\u00e9sormais partie du Groupe Rossel.<\/strong><\/p>\n<p>Rossel &amp; Cie, cessionnaire pour le Groupe Rossel, se f\u00e9licite de l\u2019entr\u00e9e dans son portefeuille, de cette marque forte et reconnue sur le march\u00e9 des magazines. <strong>Bernard Marchant<\/strong>, CEO du Groupe Rossel, est convaincu que \u00ab <em>\u00e0 l\u2019instar des autres marques d\u00e9tenues par le Groupe, <\/em>Cin\u00e9 T\u00e9l\u00e9 Revue, <em>qui est une marque forte leader sur un march\u00e9 particuli\u00e8rement concurrentiel, trouvera au sein du Groupe le support et les ressources n\u00e9cessaires \u00e0 son d\u00e9veloppement, tout en conservant sa sp\u00e9cificit\u00e9 et son ADN propres. \u00bb <\/em><\/p>\n<p><strong>Thierry Hugot<\/strong>, directeur commercial et marketing du Groupe Rossel, voit pour sa part dans cette acquisition, le moyen d\u2019acc\u00e9l\u00e9rer la transformation num\u00e9rique du magazine et l\u2019opportunit\u00e9 de lui faire b\u00e9n\u00e9ficier des outils de marketing digital du Groupe Rossel tant en BtoC qu\u2019en BtoB. Le titre restera en r\u00e9gie aupr\u00e8s de \u00ab Mag Advertising \u00bb, la r\u00e9gie sp\u00e9cialis\u00e9e pour les magazines.<\/p>\n<p>Le magazine trouvera en <strong>Daniel Van Wylick<\/strong>, directeur \u00e9ditorial du Groupe Rossel qui pilotera le magazine \u00ab Cin\u00e9 T\u00e9l\u00e9 Revue \u00bb au sein du Groupe Rossel, un manager dont l\u2019exp\u00e9rience dans la presse en g\u00e9n\u00e9rale et dans la presse magazine en particulier sera le meilleur garant de la continuit\u00e9 du magazine et de la d\u00e9fense de ses caract\u00e9ristiques propres.<\/p>\n","protected":false},"excerpt":{"rendered":"<p>Le magazine Cin\u00e9 T\u00e9l\u00e9 Revue fait d\u00e9sormais partie du Groupe Rossel. Bernard Marchant, CEO du Groupe: \u00ab Cin\u00e9 T\u00e9l\u00e9 Revue trouvera au sein du Groupe les ressources n\u00e9cessaires \u00e0 son d\u00e9veloppement, tout en conservant sa sp\u00e9cificit\u00e9 et son ADN propres. \u00bb<\/p>\n","protected":false},"author":4,"featured_media":147082,"comment_status":"closed","ping_status":"closed","sticky":false,"template":"","format":"standard","meta":{"_acf_changed":false,"_monsterinsights_skip_tracking":false,"_monsterinsights_sitenote_active":false,"_monsterinsights_sitenote_note":"","_monsterinsights_sitenote_category":0,"footnotes":""},"categories":[16],"tags":[9246,4885,13179,12771,10076,7869,10059],"class_list":["post-147080","post","type-post","status-publish","format-standard","has-post-thumbnail","hentry","category-non-classifiee","tag-bernard-marchant-fr","tag-cine-tele-revue","tag-daniel-van-wylick","tag-editions-cine-revue-fr","tag-mag-advertising-fr","tag-rossel-fr","tag-thierry-hugot-fr"],"acf":[],"yoast_head":"<!-- This site is optimized with the Yoast SEO plugin v26.8 - https:\/\/yoast.com\/product\/yoast-seo-wordpress\/ -->\n<title>Le Groupe Rossel finalise le rachat du magazine Cin\u00e9 T\u00e9l\u00e9 Revue<\/title>\n<meta name=\"robots\" content=\"index, follow, max-snippet:-1, max-image-preview:large, max-video-preview:-1\" \/>\n<link rel=\"canonical\" href=\"https:\/\/www.mediaspecs.be\/fr\/le-groupe-rossel-finalise-le-rachat-du-magazine-cine-tele-revue\/\" \/>\n<meta property=\"og:locale\" content=\"fr_FR\" \/>\n<meta property=\"og:type\" content=\"article\" \/>\n<meta property=\"og:title\" content=\"Le Groupe Rossel finalise le rachat du magazine Cin\u00e9 T\u00e9l\u00e9 Revue\" \/>\n<meta property=\"og:description\" content=\"Le magazine Cin\u00e9 T\u00e9l\u00e9 Revue fait d\u00e9sormais partie du Groupe Rossel. Bernard Marchant, CEO du Groupe: \u00ab Cin\u00e9 T\u00e9l\u00e9 Revue trouvera au sein du Groupe les ressources n\u00e9cessaires \u00e0 son d\u00e9veloppement, tout en conservant sa sp\u00e9cificit\u00e9 et son ADN propres. \u00bb\" \/>\n<meta property=\"og:url\" content=\"https:\/\/www.mediaspecs.be\/fr\/le-groupe-rossel-finalise-le-rachat-du-magazine-cine-tele-revue\/\" \/>\n<meta property=\"og:site_name\" content=\"MediaSpecs\" \/>\n<meta property=\"article:published_time\" content=\"2019-10-23T09:22:24+00:00\" \/>\n<meta property=\"article:modified_time\" content=\"2019-10-23T09:32:11+00:00\" \/>\n<meta property=\"og:image\" content=\"https:\/\/www.mediaspecs.be\/wp-content\/uploads\/2019\/10\/Cin\u00e9-T\u00e9l\u00e9-Revue-Groupe-Rossel.png\" \/>\n\t<meta property=\"og:image:width\" content=\"280\" \/>\n\t<meta property=\"og:image:height\" content=\"280\" \/>\n\t<meta property=\"og:image:type\" content=\"image\/png\" \/>\n<meta name=\"author\" content=\"@Bart\" \/>\n<meta name=\"twitter:card\" content=\"summary_large_image\" \/>\n<meta name=\"twitter:label1\" content=\"\u00c9crit par\" \/>\n\t<meta name=\"twitter:data1\" content=\"@Bart\" \/>\n\t<meta name=\"twitter:label2\" content=\"Dur\u00e9e de lecture estim\u00e9e\" \/>\n\t<meta name=\"twitter:data2\" content=\"1 minute\" \/>\n<script type=\"application\/ld+json\" class=\"yoast-schema-graph\">{\"@context\":\"https:\/\/schema.org\",\"@graph\":[{\"@type\":\"Article\",\"@id\":\"https:\/\/www.mediaspecs.be\/fr\/le-groupe-rossel-finalise-le-rachat-du-magazine-cine-tele-revue\/#article\",\"isPartOf\":{\"@id\":\"https:\/\/www.mediaspecs.be\/fr\/le-groupe-rossel-finalise-le-rachat-du-magazine-cine-tele-revue\/\"},\"author\":{\"name\":\"@Bart\",\"@id\":\"https:\/\/www.mediaspecs.be\/#\/schema\/person\/d83b92e96a208300c55cf83440c05017\"},\"headline\":\"Le Groupe Rossel finalise le rachat du magazine Cin\u00e9 T\u00e9l\u00e9 Revue\",\"datePublished\":\"2019-10-23T09:22:24+00:00\",\"dateModified\":\"2019-10-23T09:32:11+00:00\",\"mainEntityOfPage\":{\"@id\":\"https:\/\/www.mediaspecs.be\/fr\/le-groupe-rossel-finalise-le-rachat-du-magazine-cine-tele-revue\/\"},\"wordCount\":270,\"image\":{\"@id\":\"https:\/\/www.mediaspecs.be\/fr\/le-groupe-rossel-finalise-le-rachat-du-magazine-cine-tele-revue\/#primaryimage\"},\"thumbnailUrl\":\"https:\/\/www.mediaspecs.be\/wp-content\/uploads\/2019\/10\/Cin\u00e9-T\u00e9l\u00e9-Revue-Groupe-Rossel.png\",\"keywords\":[\"Bernard Marchant\",\"Cin\u00e9-T\u00e9l\u00e9-Revue\",\"Daniel Van Wylick\",\"Editions Cin\u00e9 Revue\",\"Mag Advertising\",\"Rossel\",\"Thierry Hugot\"],\"articleSection\":[\"Non classifi\"],\"inLanguage\":\"fr-FR\"},{\"@type\":\"WebPage\",\"@id\":\"https:\/\/www.mediaspecs.be\/fr\/le-groupe-rossel-finalise-le-rachat-du-magazine-cine-tele-revue\/\",\"url\":\"https:\/\/www.mediaspecs.be\/fr\/le-groupe-rossel-finalise-le-rachat-du-magazine-cine-tele-revue\/\",\"name\":\"Le Groupe Rossel finalise le rachat du magazine Cin\u00e9 T\u00e9l\u00e9 Revue\",\"isPartOf\":{\"@id\":\"https:\/\/www.mediaspecs.be\/#website\"},\"primaryImageOfPage\":{\"@id\":\"https:\/\/www.mediaspecs.be\/fr\/le-groupe-rossel-finalise-le-rachat-du-magazine-cine-tele-revue\/#primaryimage\"},\"image\":{\"@id\":\"https:\/\/www.mediaspecs.be\/fr\/le-groupe-rossel-finalise-le-rachat-du-magazine-cine-tele-revue\/#primaryimage\"},\"thumbnailUrl\":\"https:\/\/www.mediaspecs.be\/wp-content\/uploads\/2019\/10\/Cin\u00e9-T\u00e9l\u00e9-Revue-Groupe-Rossel.png\",\"datePublished\":\"2019-10-23T09:22:24+00:00\",\"dateModified\":\"2019-10-23T09:32:11+00:00\",\"author\":{\"@id\":\"https:\/\/www.mediaspecs.be\/#\/schema\/person\/d83b92e96a208300c55cf83440c05017\"},\"breadcrumb\":{\"@id\":\"https:\/\/www.mediaspecs.be\/fr\/le-groupe-rossel-finalise-le-rachat-du-magazine-cine-tele-revue\/#breadcrumb\"},\"inLanguage\":\"fr-FR\",\"potentialAction\":[{\"@type\":\"ReadAction\",\"target\":[\"https:\/\/www.mediaspecs.be\/fr\/le-groupe-rossel-finalise-le-rachat-du-magazine-cine-tele-revue\/\"]}]},{\"@type\":\"ImageObject\",\"inLanguage\":\"fr-FR\",\"@id\":\"https:\/\/www.mediaspecs.be\/fr\/le-groupe-rossel-finalise-le-rachat-du-magazine-cine-tele-revue\/#primaryimage\",\"url\":\"https:\/\/www.mediaspecs.be\/wp-content\/uploads\/2019\/10\/Cin\u00e9-T\u00e9l\u00e9-Revue-Groupe-Rossel.png\",\"contentUrl\":\"https:\/\/www.mediaspecs.be\/wp-content\/uploads\/2019\/10\/Cin\u00e9-T\u00e9l\u00e9-Revue-Groupe-Rossel.png\",\"width\":280,\"height\":280},{\"@type\":\"BreadcrumbList\",\"@id\":\"https:\/\/www.mediaspecs.be\/fr\/le-groupe-rossel-finalise-le-rachat-du-magazine-cine-tele-revue\/#breadcrumb\",\"itemListElement\":[{\"@type\":\"ListItem\",\"position\":1,\"name\":\"Home\",\"item\":\"https:\/\/www.mediaspecs.be\/fr\/\"},{\"@type\":\"ListItem\",\"position\":2,\"name\":\"Le Groupe Rossel finalise le rachat du magazine Cin\u00e9 T\u00e9l\u00e9 Revue\"}]},{\"@type\":\"WebSite\",\"@id\":\"https:\/\/www.mediaspecs.be\/#website\",\"url\":\"https:\/\/www.mediaspecs.be\/\",\"name\":\"MediaSpecs\",\"description\":\"\",\"potentialAction\":[{\"@type\":\"SearchAction\",\"target\":{\"@type\":\"EntryPoint\",\"urlTemplate\":\"https:\/\/www.mediaspecs.be\/?s={search_term_string}\"},\"query-input\":{\"@type\":\"PropertyValueSpecification\",\"valueRequired\":true,\"valueName\":\"search_term_string\"}}],\"inLanguage\":\"fr-FR\"},{\"@type\":\"Person\",\"@id\":\"https:\/\/www.mediaspecs.be\/#\/schema\/person\/d83b92e96a208300c55cf83440c05017\",\"name\":\"@Bart\",\"image\":{\"@type\":\"ImageObject\",\"inLanguage\":\"fr-FR\",\"@id\":\"https:\/\/www.mediaspecs.be\/#\/schema\/person\/image\/\",\"url\":\"https:\/\/secure.gravatar.com\/avatar\/824cf9c5b9beb5ba4d806ef2f06f37a1?s=96&d=mm&r=g\",\"contentUrl\":\"https:\/\/secure.gravatar.com\/avatar\/824cf9c5b9beb5ba4d806ef2f06f37a1?s=96&d=mm&r=g\",\"caption\":\"@Bart\"}}]}<\/script>\n<!-- \/ Yoast SEO plugin. -->","yoast_head_json":{"title":"Le Groupe Rossel finalise le rachat du magazine Cin\u00e9 T\u00e9l\u00e9 Revue","robots":{"index":"index","follow":"follow","max-snippet":"max-snippet:-1","max-image-preview":"max-image-preview:large","max-video-preview":"max-video-preview:-1"},"canonical":"https:\/\/www.mediaspecs.be\/fr\/le-groupe-rossel-finalise-le-rachat-du-magazine-cine-tele-revue\/","og_locale":"fr_FR","og_type":"article","og_title":"Le Groupe Rossel finalise le rachat du magazine Cin\u00e9 T\u00e9l\u00e9 Revue","og_description":"Le magazine Cin\u00e9 T\u00e9l\u00e9 Revue fait d\u00e9sormais partie du Groupe Rossel. Bernard Marchant, CEO du Groupe: \u00ab Cin\u00e9 T\u00e9l\u00e9 Revue trouvera au sein du Groupe les ressources n\u00e9cessaires \u00e0 son d\u00e9veloppement, tout en conservant sa sp\u00e9cificit\u00e9 et son ADN propres. \u00bb","og_url":"https:\/\/www.mediaspecs.be\/fr\/le-groupe-rossel-finalise-le-rachat-du-magazine-cine-tele-revue\/","og_site_name":"MediaSpecs","article_published_time":"2019-10-23T09:22:24+00:00","article_modified_time":"2019-10-23T09:32:11+00:00","og_image":[{"width":280,"height":280,"url":"https:\/\/www.mediaspecs.be\/wp-content\/uploads\/2019\/10\/Cin\u00e9-T\u00e9l\u00e9-Revue-Groupe-Rossel.png","type":"image\/png"}],"author":"@Bart","twitter_card":"summary_large_image","twitter_misc":{"\u00c9crit par":"@Bart","Dur\u00e9e de lecture estim\u00e9e":"1 minute"},"schema":{"@context":"https:\/\/schema.org","@graph":[{"@type":"Article","@id":"https:\/\/www.mediaspecs.be\/fr\/le-groupe-rossel-finalise-le-rachat-du-magazine-cine-tele-revue\/#article","isPartOf":{"@id":"https:\/\/www.mediaspecs.be\/fr\/le-groupe-rossel-finalise-le-rachat-du-magazine-cine-tele-revue\/"},"author":{"name":"@Bart","@id":"https:\/\/www.mediaspecs.be\/#\/schema\/person\/d83b92e96a208300c55cf83440c05017"},"headline":"Le Groupe Rossel finalise le rachat du magazine Cin\u00e9 T\u00e9l\u00e9 Revue","datePublished":"2019-10-23T09:22:24+00:00","dateModified":"2019-10-23T09:32:11+00:00","mainEntityOfPage":{"@id":"https:\/\/www.mediaspecs.be\/fr\/le-groupe-rossel-finalise-le-rachat-du-magazine-cine-tele-revue\/"},"wordCount":270,"image":{"@id":"https:\/\/www.mediaspecs.be\/fr\/le-groupe-rossel-finalise-le-rachat-du-magazine-cine-tele-revue\/#primaryimage"},"thumbnailUrl":"https:\/\/www.mediaspecs.be\/wp-content\/uploads\/2019\/10\/Cin\u00e9-T\u00e9l\u00e9-Revue-Groupe-Rossel.png","keywords":["Bernard Marchant","Cin\u00e9-T\u00e9l\u00e9-Revue","Daniel Van Wylick","Editions Cin\u00e9 Revue","Mag Advertising","Rossel","Thierry Hugot"],"articleSection":["Non classifi"],"inLanguage":"fr-FR"},{"@type":"WebPage","@id":"https:\/\/www.mediaspecs.be\/fr\/le-groupe-rossel-finalise-le-rachat-du-magazine-cine-tele-revue\/","url":"https:\/\/www.mediaspecs.be\/fr\/le-groupe-rossel-finalise-le-rachat-du-magazine-cine-tele-revue\/","name":"Le Groupe Rossel finalise le rachat du magazine Cin\u00e9 T\u00e9l\u00e9 Revue","isPartOf":{"@id":"https:\/\/www.mediaspecs.be\/#website"},"primaryImageOfPage":{"@id":"https:\/\/www.mediaspecs.be\/fr\/le-groupe-rossel-finalise-le-rachat-du-magazine-cine-tele-revue\/#primaryimage"},"image":{"@id":"https:\/\/www.mediaspecs.be\/fr\/le-groupe-rossel-finalise-le-rachat-du-magazine-cine-tele-revue\/#primaryimage"},"thumbnailUrl":"https:\/\/www.mediaspecs.be\/wp-content\/uploads\/2019\/10\/Cin\u00e9-T\u00e9l\u00e9-Revue-Groupe-Rossel.png","datePublished":"2019-10-23T09:22:24+00:00","dateModified":"2019-10-23T09:32:11+00:00","author":{"@id":"https:\/\/www.mediaspecs.be\/#\/schema\/person\/d83b92e96a208300c55cf83440c05017"},"breadcrumb":{"@id":"https:\/\/www.mediaspecs.be\/fr\/le-groupe-rossel-finalise-le-rachat-du-magazine-cine-tele-revue\/#breadcrumb"},"inLanguage":"fr-FR","potentialAction":[{"@type":"ReadAction","target":["https:\/\/www.mediaspecs.be\/fr\/le-groupe-rossel-finalise-le-rachat-du-magazine-cine-tele-revue\/"]}]},{"@type":"ImageObject","inLanguage":"fr-FR","@id":"https:\/\/www.mediaspecs.be\/fr\/le-groupe-rossel-finalise-le-rachat-du-magazine-cine-tele-revue\/#primaryimage","url":"https:\/\/www.mediaspecs.be\/wp-content\/uploads\/2019\/10\/Cin\u00e9-T\u00e9l\u00e9-Revue-Groupe-Rossel.png","contentUrl":"https:\/\/www.mediaspecs.be\/wp-content\/uploads\/2019\/10\/Cin\u00e9-T\u00e9l\u00e9-Revue-Groupe-Rossel.png","width":280,"height":280},{"@type":"BreadcrumbList","@id":"https:\/\/www.mediaspecs.be\/fr\/le-groupe-rossel-finalise-le-rachat-du-magazine-cine-tele-revue\/#breadcrumb","itemListElement":[{"@type":"ListItem","position":1,"name":"Home","item":"https:\/\/www.mediaspecs.be\/fr\/"},{"@type":"ListItem","position":2,"name":"Le Groupe Rossel finalise le rachat du magazine Cin\u00e9 T\u00e9l\u00e9 Revue"}]},{"@type":"WebSite","@id":"https:\/\/www.mediaspecs.be\/#website","url":"https:\/\/www.mediaspecs.be\/","name":"MediaSpecs","description":"","potentialAction":[{"@type":"SearchAction","target":{"@type":"EntryPoint","urlTemplate":"https:\/\/www.mediaspecs.be\/?s={search_term_string}"},"query-input":{"@type":"PropertyValueSpecification","valueRequired":true,"valueName":"search_term_string"}}],"inLanguage":"fr-FR"},{"@type":"Person","@id":"https:\/\/www.mediaspecs.be\/#\/schema\/person\/d83b92e96a208300c55cf83440c05017","name":"@Bart","image":{"@type":"ImageObject","inLanguage":"fr-FR","@id":"https:\/\/www.mediaspecs.be\/#\/schema\/person\/image\/","url":"https:\/\/secure.gravatar.com\/avatar\/824cf9c5b9beb5ba4d806ef2f06f37a1?s=96&d=mm&r=g","contentUrl":"https:\/\/secure.gravatar.com\/avatar\/824cf9c5b9beb5ba4d806ef2f06f37a1?s=96&d=mm&r=g","caption":"@Bart"}}]}},"publishpress_future_action":{"enabled":false,"date":"2026-05-09 15:12:55","action":"change-status","newStatus":"draft","terms":[],"taxonomy":"category","extraData":[]},"publishpress_future_workflow_manual_trigger":{"enabledWorkflows":[]},"_links":{"self":[{"href":"https:\/\/www.mediaspecs.be\/fr\/wp-json\/wp\/v2\/posts\/147080","targetHints":{"allow":["GET"]}}],"collection":[{"href":"https:\/\/www.mediaspecs.be\/fr\/wp-json\/wp\/v2\/posts"}],"about":[{"href":"https:\/\/www.mediaspecs.be\/fr\/wp-json\/wp\/v2\/types\/post"}],"author":[{"embeddable":true,"href":"https:\/\/www.mediaspecs.be\/fr\/wp-json\/wp\/v2\/users\/4"}],"replies":[{"embeddable":true,"href":"https:\/\/www.mediaspecs.be\/fr\/wp-json\/wp\/v2\/comments?post=147080"}],"version-history":[{"count":0,"href":"https:\/\/www.mediaspecs.be\/fr\/wp-json\/wp\/v2\/posts\/147080\/revisions"}],"wp:featuredmedia":[{"embeddable":true,"href":"https:\/\/www.mediaspecs.be\/fr\/wp-json\/wp\/v2\/media\/147082"}],"wp:attachment":[{"href":"https:\/\/www.mediaspecs.be\/fr\/wp-json\/wp\/v2\/media?parent=147080"}],"wp:term":[{"taxonomy":"category","embeddable":true,"href":"https:\/\/www.mediaspecs.be\/fr\/wp-json\/wp\/v2\/categories?post=147080"},{"taxonomy":"post_tag","embeddable":true,"href":"https:\/\/www.mediaspecs.be\/fr\/wp-json\/wp\/v2\/tags?post=147080"}],"curies":[{"name":"wp","href":"https:\/\/api.w.org\/{rel}","templated":true}]}}